{"id":107337223,"date":"2021-03-12T09:03:12","date_gmt":"2021-03-12T09:03:12","guid":{"rendered":"https:\/\/en.samskip.webdev.is\/?p=107337223"},"modified":"2021-03-12T09:03:12","modified_gmt":"2021-03-12T09:03:12","slug":"aurora-gaf-28-sjukrarum-til-sierra-leone","status":"publish","type":"post","link":"https:\/\/www.samskip.is\/en\/blog\/2021\/03\/12\/aurora-gaf-28-sjukrarum-til-sierra-leone\/","title":{"rendered":"Aurora gaf 28 sj\u00fakrar\u00fam til S\u00ederra Le\u00f3ne"},"content":{"rendered":"<p>Fram kemur \u00e1 <a href=\"https:\/\/aurorafoundation.is\/frettir\/nr\/aurora-donates-28-hospital-beds-to-pcmh\/\" target=\"_blank\" rel=\"noopener\">vef Aurora<\/a> a\u00f0 starfsf\u00f3lk PCMH, sem er st\u00e6rsta r\u00edkisrekna f\u00e6\u00f0ingarsj\u00fakrah\u00fasi\u00f0 \u00ed Sierra Le\u00f3ne, hafi veri\u00f0 einstaklega \u00feakkl\u00e1tt fyrir \u00feessa rausnarlegu gj\u00f6f. A\u00f0st\u00e6\u00f0ur \u00e1 sp\u00edtalanum eru sag\u00f0ar b\u00e1gbornar s\u00f6kum skorts \u00e1 fj\u00e1rmagni. Til d\u00e6mis er \u00fear ekkert rennandi vatn.<\/p>\n<p>\u00c1\u00f0ur styrktu Aurora og Sj\u00fakrah\u00fas Akureyrar sp\u00edtalann me\u00f0 sj\u00fakrar\u00famum \u00e1ri\u00f0 2017, en \u00f3ska\u00f0 haf\u00f0i veri\u00f0 eftir frekari a\u00f0sto\u00f0 ef m\u00f6gulegt v\u00e6ri. \u201eOkkur var \u00fea\u00f0 mikil \u00e1n\u00e6gja a\u00f0 geta uppfyllt \u00fe\u00e1 \u00f3sk n\u00fana,\u201c segir \u00e1 vef sj\u00f3\u00f0sins. \u00de\u00e1 kom yfirstj\u00f3rn sp\u00edtalans \u00e1 framf\u00e6ri miklum \u00fe\u00f6kkum til Auroru velger\u00f0asj\u00f3\u00f0s, Sj\u00fakrah\u00fass Akureyrar og til Samskipa, sem ger\u00f0u flutninginn m\u00f6gulegan.<\/p>\n<p>\u201eSamskip sty\u00f0ja vi\u00f0 margv\u00edsleg velger\u00f0am\u00e1l, en sl\u00edkur stu\u00f0ningur er hluti af samf\u00e9lags\u00e1byrg\u00f0arstefnu fyrirt\u00e6kisins. \u00dea\u00f0 gle\u00f0ur okkur a\u00f0 hafa geta\u00f0 li\u00f0sinnt Aurora sj\u00f3\u00f0num \u00ed stu\u00f0ningi vi\u00f0 S\u00ederra Le\u00f3ne og PCMH \u00fear sem unni\u00f0 er mikilv\u00e6gt starf vi\u00f0 erfi\u00f0ar a\u00f0st\u00e6\u00f0ur,\u201c segir \u00de\u00f3runn Inga Ingjaldsd\u00f3ttir, forst\u00f6\u00f0uma\u00f0ur marka\u00f0s- og samskiptadeildar Samskipa.<\/p>\n","protected":false},"excerpt":{"rendered":"<p>Fram kemur \u00e1 vef Aurora a\u00f0 starfsf\u00f3lk PCMH, sem er st\u00e6rsta r\u00edkisrekna f\u00e6\u00f0ingarsj\u00fakrah\u00fasi\u00f0 \u00ed Sierra Le\u00f3ne, hafi veri\u00f0 einstaklega \u00feakkl\u00e1tt fyrir \u00feessa rausnarlegu gj\u00f6f. A\u00f0st\u00e6\u00f0ur \u00e1 sp\u00edtalanum eru sag\u00f0ar b\u00e1gbornar [&hellip;]<\/p>\n","protected":false},"author":14,"featured_media":884356661,"comment_status":"closed","ping_status":"closed","sticky":false,"template":"","format":"standard","meta":{"_acf_changed":false,"footnotes":""},"categories":[32],"tags":[],"class_list":["post-107337223","post","type-post","status-publish","format-standard","has-post-thumbnail","hentry","category-frettir"],"acf":[],"_links":{"self":[{"href":"https:\/\/www.samskip.is\/en\/wp-json\/wp\/v2\/posts\/107337223","targetHints":{"allow":["GET"]}}],"collection":[{"href":"https:\/\/www.samskip.is\/en\/wp-json\/wp\/v2\/posts"}],"about":[{"href":"https:\/\/www.samskip.is\/en\/wp-json\/wp\/v2\/types\/post"}],"author":[{"embeddable":true,"href":"https:\/\/www.samskip.is\/en\/wp-json\/wp\/v2\/users\/14"}],"replies":[{"embeddable":true,"href":"https:\/\/www.samskip.is\/en\/wp-json\/wp\/v2\/comments?post=107337223"}],"version-history":[{"count":0,"href":"https:\/\/www.samskip.is\/en\/wp-json\/wp\/v2\/posts\/107337223\/revisions"}],"wp:featuredmedia":[{"embeddable":true,"href":"https:\/\/www.samskip.is\/en\/wp-json\/"}],"wp:attachment":[{"href":"https:\/\/www.samskip.is\/en\/wp-json\/wp\/v2\/media?parent=107337223"}],"wp:term":[{"taxonomy":"category","embeddable":true,"href":"https:\/\/www.samskip.is\/en\/wp-json\/wp\/v2\/categories?post=107337223"},{"taxonomy":"post_tag","embeddable":true,"href":"https:\/\/www.samskip.is\/en\/wp-json\/wp\/v2\/tags?post=107337223"}],"curies":[{"name":"wp","href":"https:\/\/api.w.org\/{rel}","templated":true}]}}