{"id":115875573,"date":"2022-09-01T11:33:34","date_gmt":"2022-09-01T11:33:34","guid":{"rendered":"https:\/\/en.samskip.webdev.is\/?p=115875573"},"modified":"2022-09-01T11:33:34","modified_gmt":"2022-09-01T11:33:34","slug":"sidewind-er-ad-throa-vindturbinur-sem-verda-profadar-a-flutningaskipi-samskipa","status":"publish","type":"post","link":"https:\/\/www.samskip.is\/en\/blog\/2022\/09\/01\/sidewind-er-ad-throa-vindturbinur-sem-verda-profadar-a-flutningaskipi-samskipa\/","title":{"rendered":"SideWind er a\u00f0 \u00fer\u00f3a vind\u00adt\u00farb\u00ednur sem ver\u00f0a pr\u00f3fa\u00f0ar \u00e1 flutningaskipi Samskipa"},"content":{"rendered":"<p>Fyrirt\u00e6ki\u00f0 stefnir a\u00f0 framlei\u00f0slu vindt\u00farb\u00edna sem n\u00fdta \u00feann hli\u00f0arvind, sem annars f\u00e6ri til spillis \u00e1 hafi \u00fati, til rafmagnsframlei\u00f0slu. \u201eHugmyndin er a\u00f0 n\u00fdta gamla 40 feta g\u00e1ma sem ekki er h\u00e6gt a\u00f0 n\u00fdta lengur til flutninga, taka \u00far \u00feeim hli\u00f0arnar, koma \u00e1kve\u00f0inni tegund af vindmyllu l\u00e1r\u00e9tt inn \u00ed g\u00e1mana og tengja hana vi\u00f0 rafal sem er sta\u00f0settur \u00ed hverjum g\u00e1mi,\u201c segir \u00d3skar\u201c<\/p>\n<p>\u00cd dag er b\u00fai\u00f0 a\u00f0 sm\u00ed\u00f0a fyrstu frumger\u00f0ina sem ver\u00f0ur pr\u00f3fu\u00f0 \u00e1 landi \u00ed haust me\u00f0 Verk\u00eds, segir Mar\u00eda. \u201eS\u00ed\u00f0an \u00ed framhaldinu ver\u00f0ur h\u00fan pr\u00f3fu\u00f0 \u00e1 flutningaskipi Samskipa. Einnig erum vi\u00f0 a\u00f0 fara \u00e1 fullt \u00ed frumger\u00f0 tv\u00f6 sem ver\u00f0ur ger\u00f0 \u00far endurunnu plasti. Vi\u00f0 erum einnig komin \u00ed st\u00f3rt samstarfsverkefni me\u00f0 innlendum og erlendum a\u00f0ilum sem vi\u00f0 segjum fr\u00e1 s\u00ed\u00f0ar.\u201c<\/p>\n<p>Sj\u00e1 n\u00e1nar um \u00feetta skemmtilega verkefni \u00e1 <a href=\"https:\/\/www.frettabladid.is\/lifid\/hlidarvindurinn-nyttur-til-rafmagnsframleidslu\/\" rel=\"noreferrer noopener\" target=\"_blank\">vef fr\u00e9ttabla\u00f0sins.<\/a><\/p>\n","protected":false},"excerpt":{"rendered":"<p>Fyrirt\u00e6ki\u00f0 stefnir a\u00f0 framlei\u00f0slu vindt\u00farb\u00edna sem n\u00fdta \u00feann hli\u00f0arvind, sem annars f\u00e6ri til spillis \u00e1 hafi \u00fati, til rafmagnsframlei\u00f0slu. \u201eHugmyndin er a\u00f0 n\u00fdta gamla 40 feta g\u00e1ma sem ekki er [&hellip;]<\/p>\n","protected":false},"author":14,"featured_media":1010876719,"comment_status":"closed","ping_status":"closed","sticky":false,"template":"","format":"standard","meta":{"_acf_changed":false,"footnotes":""},"categories":[32],"tags":[],"class_list":["post-115875573","post","type-post","status-publish","format-standard","has-post-thumbnail","hentry","category-frettir"],"acf":[],"_links":{"self":[{"href":"https:\/\/www.samskip.is\/en\/wp-json\/wp\/v2\/posts\/115875573","targetHints":{"allow":["GET"]}}],"collection":[{"href":"https:\/\/www.samskip.is\/en\/wp-json\/wp\/v2\/posts"}],"about":[{"href":"https:\/\/www.samskip.is\/en\/wp-json\/wp\/v2\/types\/post"}],"author":[{"embeddable":true,"href":"https:\/\/www.samskip.is\/en\/wp-json\/wp\/v2\/users\/14"}],"replies":[{"embeddable":true,"href":"https:\/\/www.samskip.is\/en\/wp-json\/wp\/v2\/comments?post=115875573"}],"version-history":[{"count":0,"href":"https:\/\/www.samskip.is\/en\/wp-json\/wp\/v2\/posts\/115875573\/revisions"}],"wp:featuredmedia":[{"embeddable":true,"href":"https:\/\/www.samskip.is\/en\/wp-json\/"}],"wp:attachment":[{"href":"https:\/\/www.samskip.is\/en\/wp-json\/wp\/v2\/media?parent=115875573"}],"wp:term":[{"taxonomy":"category","embeddable":true,"href":"https:\/\/www.samskip.is\/en\/wp-json\/wp\/v2\/categories?post=115875573"},{"taxonomy":"post_tag","embeddable":true,"href":"https:\/\/www.samskip.is\/en\/wp-json\/wp\/v2\/tags?post=115875573"}],"curies":[{"name":"wp","href":"https:\/\/api.w.org\/{rel}","templated":true}]}}