{"id":146290937,"date":"2017-08-28T00:00:00","date_gmt":"2017-08-28T00:00:00","guid":{"rendered":"https:\/\/en.samskip.webdev.is\/?p=146290937"},"modified":"2017-08-28T00:00:00","modified_gmt":"2017-08-28T00:00:00","slug":"seinkanir-hja-skipum-samskipa-arnarfelli-og-skaftafelli","status":"publish","type":"post","link":"https:\/\/www.samskip.is\/en\/blog\/2017\/08\/28\/seinkanir-hja-skipum-samskipa-arnarfelli-og-skaftafelli\/","title":{"rendered":"Seinkanir hj\u00e1 skipum Samskipa, Arnarfelli og Skaftafelli"},"content":{"rendered":"<p>Arnarfelli (fer\u00f0 1733ARN) seinkar \u00fev\u00ed mi\u00f0ur \u00e1 lei\u00f0 sinni til landsins \u00ed viku 35 vegna v\u00e9larbilunar \u00ed fyrri fer\u00f0 (1731ARN). \u00c1\u00e6tla\u00f0 er a\u00f0 skipi\u00f0 komi til Reykjav\u00edkur \u00e1 fimmtudagskv\u00f6ld 31.08.2017 og hefst vinna vi\u00f0 losun skipsins eins flj\u00f3tt og m\u00f6gulegt er. Vonast er til a\u00f0 skipi\u00f0 komist \u00e1 \u00e1\u00e6tlun \u00ed n\u00e6stu fer\u00f0.<\/p>\n<p>Eins og fram kom \u00ed tilkynningu til vi\u00f0skiptavina sl. f\u00f6studag seinkar Skaftafelli (fer\u00f0 1733SKF) einnig \u00e1 lei\u00f0 sinni til landsins. \u00c1\u00e6tlu\u00f0 koma til Reykjav\u00edkur er n\u00fa mi\u00f0vikudaginn 30.08.2017 og hefst vinna vi\u00f0 skipi\u00f0 eins flj\u00f3tt og m\u00f6gulegt er.<\/p>\n<p>\u00c1st\u00e6\u00f0a endurtekinna seinkanna \u00e1 komu Skaftafells og Hoffells til Reykjav\u00edkur s\u00ed\u00f0ustu vikur er vegna t\u00edmabundinna lokana hj\u00e1 h\u00f6fninni \u00ed Immingham s\u00f6kum hafnarframkv\u00e6mda. Vonast er til a\u00f0 \u00feessar tafir s\u00e9u n\u00fa yfirsta\u00f0nar \u00fear sem framkv\u00e6mdir munu f\u00e6rast yfir \u00e1 a\u00f0ra vikudaga sem \u00e6ttu a\u00f0 hafa \u00f3veruleg \u00e1hrif \u00e1 \u00e1\u00e6tlun Samskipa. Samkv\u00e6mt n\u00fdjustu uppl\u00fdsingum fr\u00e1 Immingham ver\u00f0a \u00feessar framkv\u00e6mdir a\u00f0 fullu yfirsta\u00f0nar \u00ed lok okt\u00f3ber.<\/p>\n<p>Vi\u00f0 bi\u00f0jumst velvir\u00f0ingar \u00e1 \u00feeim \u00f3\u00fe\u00e6gindum sem \u00feetta kann a\u00f0 valda.<\/p>\n","protected":false},"excerpt":{"rendered":"<p>Arnarfelli (fer\u00f0 1733ARN) seinkar \u00fev\u00ed mi\u00f0ur \u00e1 lei\u00f0 sinni til landsins \u00ed viku 35 vegna v\u00e9larbilunar \u00ed fyrri fer\u00f0 (1731ARN). \u00c1\u00e6tla\u00f0 er a\u00f0 skipi\u00f0 komi til Reykjav\u00edkur \u00e1 fimmtudagskv\u00f6ld 31.08.2017 [&hellip;]<\/p>\n","protected":false},"author":14,"featured_media":0,"comment_status":"closed","ping_status":"closed","sticky":false,"template":"","format":"standard","meta":{"_acf_changed":false,"footnotes":""},"categories":[32],"tags":[],"class_list":["post-146290937","post","type-post","status-publish","format-standard","hentry","category-frettir"],"acf":[],"_links":{"self":[{"href":"https:\/\/www.samskip.is\/en\/wp-json\/wp\/v2\/posts\/146290937","targetHints":{"allow":["GET"]}}],"collection":[{"href":"https:\/\/www.samskip.is\/en\/wp-json\/wp\/v2\/posts"}],"about":[{"href":"https:\/\/www.samskip.is\/en\/wp-json\/wp\/v2\/types\/post"}],"author":[{"embeddable":true,"href":"https:\/\/www.samskip.is\/en\/wp-json\/wp\/v2\/users\/14"}],"replies":[{"embeddable":true,"href":"https:\/\/www.samskip.is\/en\/wp-json\/wp\/v2\/comments?post=146290937"}],"version-history":[{"count":0,"href":"https:\/\/www.samskip.is\/en\/wp-json\/wp\/v2\/posts\/146290937\/revisions"}],"wp:attachment":[{"href":"https:\/\/www.samskip.is\/en\/wp-json\/wp\/v2\/media?parent=146290937"}],"wp:term":[{"taxonomy":"category","embeddable":true,"href":"https:\/\/www.samskip.is\/en\/wp-json\/wp\/v2\/categories?post=146290937"},{"taxonomy":"post_tag","embeddable":true,"href":"https:\/\/www.samskip.is\/en\/wp-json\/wp\/v2\/tags?post=146290937"}],"curies":[{"name":"wp","href":"https:\/\/api.w.org\/{rel}","templated":true}]}}