{"id":146909672,"date":"2022-05-20T15:21:06","date_gmt":"2022-05-20T15:21:06","guid":{"rendered":"https:\/\/en.samskip.webdev.is\/?p=146909672"},"modified":"2022-05-20T15:21:06","modified_gmt":"2022-05-20T15:21:06","slug":"sjalfbaerniskyrslan-okkar-er-komin-ut","status":"publish","type":"post","link":"https:\/\/www.samskip.is\/en\/blog\/2022\/05\/20\/sjalfbaerniskyrslan-okkar-er-komin-ut\/","title":{"rendered":"Sj\u00e1lfb\u00e6rnisk\u00fdrslan okkar er komin \u00fat!"},"content":{"rendered":"<p>\u00c1rleg Sj\u00e1lfb\u00e6rnisk\u00fdrsla Samskipa hefur n\u00fa veri\u00f0 ger\u00f0 opinber. Sk\u00fdrslan tekur til starfsemi okkar \u00e1ri\u00f0 2021 \u00e1samt \u00feeirri framt\u00ed\u00f0ars\u00fdn sem vi\u00f0 h\u00f6fum fyrir 2022 og komandi \u00e1r. S\u00fa n\u00e1lgun sem vi\u00f0 h\u00f6fum sett okkur er a\u00f0 einbeita okkur a\u00f0 f\u00e9lags-, umhverfis-, si\u00f0fer\u00f0i- og vi\u00f0skipta\u00fe\u00e1ttum fyrirt\u00e6kisins me\u00f0 \u00e1herslu \u00e1 samstarf sem styrkir okkur \u00ed a\u00f0l\u00f6gun okkar a\u00f0 sj\u00e1lfb\u00e6rri starfsemi. Me\u00f0 sk\u00fdrslunni veitum vi\u00f0 inns\u00fdn \u00ed sj\u00e1lfb\u00e6ran heim Samskipa.<\/p>\n<p>Hvernig skerum vi\u00f0 okkur \u00far?<\/p>\n<p>\u00deegar kemur a\u00f0 gr\u00e6num flutningslei\u00f0um erum vi\u00f0 umhverfisv\u00e6nasta lausnin. Vi\u00f0 setjum okkur \u00fe\u00e1 stefnu a\u00f0 vera ekki eing\u00f6ngu \u201eg\u00f3\u00f0\u201c e\u00f0a \u201efylgin\u201c heldur a\u00f0 vera umhverfisv\u00e6nasta flutningafyrirt\u00e6ki Evr\u00f3pu.<\/p>\n<p><strong><a href=\"https:\/\/sustainability.samskip.com\/\" target=\"_blank\" rel=\"noopener\">Sj\u00e1 n\u00e1nar um sk\u00fdrsluna h\u00e9r<\/a><\/strong><\/p>\n<figure class=\"wp-block-image size-large\"><a href=\"https:\/\/sustainability.samskip.com\/\" target=\"_blank\" rel=\"noopener\"><img decoding=\"async\" alt=\"\" class=\"wp-image-10579\" height=\"1024\" src=\"https:\/\/www.samskip.is\/wp-content\/uploads\/sites\/9\/2022\/05\/staff-newsletter-numbers-is-975x1024.png\" width=\"975\" \/><\/a><\/figure>\n","protected":false},"excerpt":{"rendered":"<p>\u00c1rleg Sj\u00e1lfb\u00e6rnisk\u00fdrsla Samskipa hefur n\u00fa veri\u00f0 ger\u00f0 opinber. Sk\u00fdrslan tekur til starfsemi okkar \u00e1ri\u00f0 2021 \u00e1samt \u00feeirri framt\u00ed\u00f0ars\u00fdn sem vi\u00f0 h\u00f6fum fyrir 2022 og komandi \u00e1r. S\u00fa n\u00e1lgun sem vi\u00f0 [&hellip;]<\/p>\n","protected":false},"author":14,"featured_media":1266980513,"comment_status":"closed","ping_status":"closed","sticky":false,"template":"","format":"standard","meta":{"_acf_changed":false,"footnotes":""},"categories":[32],"tags":[],"class_list":["post-146909672","post","type-post","status-publish","format-standard","has-post-thumbnail","hentry","category-frettir"],"acf":[],"_links":{"self":[{"href":"https:\/\/www.samskip.is\/en\/wp-json\/wp\/v2\/posts\/146909672","targetHints":{"allow":["GET"]}}],"collection":[{"href":"https:\/\/www.samskip.is\/en\/wp-json\/wp\/v2\/posts"}],"about":[{"href":"https:\/\/www.samskip.is\/en\/wp-json\/wp\/v2\/types\/post"}],"author":[{"embeddable":true,"href":"https:\/\/www.samskip.is\/en\/wp-json\/wp\/v2\/users\/14"}],"replies":[{"embeddable":true,"href":"https:\/\/www.samskip.is\/en\/wp-json\/wp\/v2\/comments?post=146909672"}],"version-history":[{"count":0,"href":"https:\/\/www.samskip.is\/en\/wp-json\/wp\/v2\/posts\/146909672\/revisions"}],"wp:featuredmedia":[{"embeddable":true,"href":"https:\/\/www.samskip.is\/en\/wp-json\/"}],"wp:attachment":[{"href":"https:\/\/www.samskip.is\/en\/wp-json\/wp\/v2\/media?parent=146909672"}],"wp:term":[{"taxonomy":"category","embeddable":true,"href":"https:\/\/www.samskip.is\/en\/wp-json\/wp\/v2\/categories?post=146909672"},{"taxonomy":"post_tag","embeddable":true,"href":"https:\/\/www.samskip.is\/en\/wp-json\/wp\/v2\/tags?post=146909672"}],"curies":[{"name":"wp","href":"https:\/\/api.w.org\/{rel}","templated":true}]}}