{"id":162507197,"date":"2019-11-06T18:14:22","date_gmt":"2019-11-06T18:14:22","guid":{"rendered":"https:\/\/en.samskip.webdev.is\/?p=162507197"},"modified":"2019-11-06T18:14:22","modified_gmt":"2019-11-06T18:14:22","slug":"fundad-um-votlendi-i-kaldaloni","status":"publish","type":"post","link":"https:\/\/www.samskip.is\/en\/blog\/2019\/11\/06\/fundad-um-votlendi-i-kaldaloni\/","title":{"rendered":"Funda\u00f0 um votlendi \u00ed Kaldal\u00f3ni"},"content":{"rendered":"<\/p>\n<p>H\u00fasfyllir var og mikill \u00e1hugi \u00e1 m\u00e1l\u00feingi Votlendissj\u00f3\u00f0sins sem fram f\u00f3r \u00ed salnum Kaldal\u00f3ni \u00ed H\u00f6rpu \u00ed Reykjav\u00edk \u00ed morgun. R\u00e6tt var um votlendi, m\u00f6guleika tengda endurheimt \u00feess og gildi fyrir n\u00e1tt\u00faru og umhverfi. Fundinum st\u00fdr\u00f0i \u00de\u00f3runn Inga Ingjaldsd\u00f3ttir, forst\u00f6\u00f0uma\u00f0ur marka\u00f0s- og samskiptadeildar Samskipa, en h\u00fan er jafnframt varama\u00f0ur \u00ed stj\u00f3rn Votlendissj\u00f3\u00f0sins.<\/p>\n<p>Samskip hafa stutt Votlendissj\u00f3\u00f0inn fr\u00e1 byrjun og eru stolt af \u00fev\u00ed a\u00f0 vera \u00ed h\u00f3pi bakhjarla hans, enda stendur hann fyrir mikilv\u00e6gum a\u00f0ger\u00f0um til stu\u00f0nings umhverfinu. Stu\u00f0ningur vi\u00f0 sl\u00edk verkefni\u00f0 er hluti af umhverfisstefnu Samskipa, auk beinna a\u00f0ger\u00f0a til a\u00f0 draga \u00far kolefnisf\u00f3tspori starfseminnar. Endurheimt framr\u00e6sts votlendis er ein af \u00feeim a\u00f0ger\u00f0um sem V\u00edsindanefnd Sameinu\u00f0u \u00fej\u00f3\u00f0anna (IPCC) vi\u00f0urkennir sem gilda a\u00f0ger\u00f0 til a\u00f0 draga \u00far losun gr\u00f3\u00f0urh\u00fasalofttegunda af mannav\u00f6ldum.  <\/p>\n<p>\u00de\u00f3runn Inga setti fundinn og bau\u00f0 gesti velkomna. Fyrstur \u00ed pontu var<br \/>\nGu\u00f0ni Th. J\u00f3hannesson, forseti \u00cdslands og verndari Votlendissj\u00f3\u00f0sins. Hann f\u00f3r<br \/>\n\u00ed \u00e1varpi s\u00ednu yfir s\u00f6gu Bessasta\u00f0a og landnytja \u00fear. \u00dear hafi hi\u00f0 unga l\u00fd\u00f0veldi<br \/>\nvilja\u00f0 gera Bessasta\u00f0i a\u00f0 fyrirmyndarb\u00fdli, sem endurspegla\u00f0i m\u00f6guleika og styrk<br \/>\nlandb\u00fana\u00f0ar \u00ed landinu. \u201eOg skur\u00f0ir voru grafnir,\u201c b\u00e6tti hann vi\u00f0 og s\u00fdndi<br \/>\nhvernig votlendi var r\u00e6st fram til a\u00f0 n\u00fdta landi\u00f0. \u00c1 sj\u00f6unda \u00e1ratugnum hafi svo<br \/>\nb\u00faskapur lagst af \u00e1 Bessast\u00f6\u00f0um, \u00fev\u00ed ekki hafi veri\u00f0 tali\u00f0 fara saman b\u00faskapur<br \/>\nog b\u00fasta\u00f0ur forseta. Gu\u00f0ni rifja\u00f0i upp grein Halld\u00f3rs Laxness fr\u00e1 1970,<br \/>\nHerna\u00f0urinn gegn landinu, \u00fear sem N\u00f3belssk\u00e1ldi\u00f0 hafi me\u00f0al annars beint spj\u00f3tum<br \/>\ns\u00ednum a\u00f0 framr\u00e6stu landi og spurt hvort ekki v\u00e6ri tilefni til a\u00f0 ver\u00f0launa menn<br \/>\nfyrir a\u00f0 moka ofan \u00ed skur\u00f0ina aftur. Rakti hann svo hvernig endurheimt<br \/>\nvotlendis hafi hafist \u00e1 Bessast\u00f6\u00f0um hj\u00e1 forvera hans \u00ed starfi, \u00d3lafi Ragnari<br \/>\nGr\u00edmssyni, og svo veri\u00f0 haldi\u00f0 \u00e1fram af krafti fr\u00e1 sumri 2018 og til dagsins \u00ed<br \/>\ndag. N\u00fa s\u00e9u fyrrum t\u00fan \u00e1 g\u00f3\u00f0ri lei\u00f0 me\u00f0 a\u00f0 ver\u00f0a m\u00fdri \u00e1 n\u00fd.<\/p>\n<p>\u00de\u00e1 fjalla\u00f0i Sunna \u00c1skelsd\u00f3ttir, fulltr\u00fai Landgr\u00e6\u00f0slu<br \/>\nr\u00edkisins, um endurheimt votlendis og tengslin vi\u00f0 loftslagsm\u00e1l. \u00datreikningur \u00e1<br \/>\nsamdr\u00e6tti \u00ed losun gr\u00f3\u00f0urh\u00fasalofttegunda v\u00e6ri nokku\u00f0 fl\u00f3kinn, en ni\u00f0urst\u00f6\u00f0ur<br \/>\n\u00edslenskra ranns\u00f3kna v\u00e6ru \u00ed samr\u00e6mi vi\u00f0 stu\u00f0la IPPC, \u00fe\u00f3tt \u00e1hrif losunar v\u00e6ru<br \/>\nmismunandi eftir umhverfisa\u00f0st\u00e6\u00f0um hverju sinni. Eins fjalla\u00f0i h\u00fan um<br \/>\nn\u00e1tt\u00farufar \u00ed votlendi. <\/p>\n<p>N\u00e6stur \u00ed pontu var Sigur\u00f0ur M\u00e1r Einarsson, fiskifr\u00e6\u00f0ingur \u00e1<br \/>\nsvi\u00f0i ferskvatnsl\u00edfr\u00edkja hj\u00e1 Hafranns\u00f3knastofnun, en hann fjalla\u00f0i um \u00e1hrif<br \/>\nendurheimtar votlendis \u00e1 vatnsb\u00faskap vei\u00f0i\u00e1a. Benti hann \u00e1 a\u00f0 veruleg mi\u00f0lun<br \/>\nv\u00e6ri fr\u00e1 votlendi \u00ed \u00e1rnar sem b\u00e6tti l\u00edfsskilyr\u00f0i \u00ed \u00e1num. \u00deetta skipti<br \/>\ns\u00e9rstaklega m\u00e1li \u00e1 \u00feurrkat\u00edmum, l\u00edkt og h\u00e9r hafi veri\u00f0 s\u00ed\u00f0asta sumar. Um lei\u00f0<br \/>\nkom fram \u00ed m\u00e1li hans a\u00f0 endurheimt raska\u00f0ra vistkerfa, svo sem vatna sem horfi\u00f0<br \/>\nhafa vegna framr\u00e6slu, getur teki\u00f0 langan t\u00edma, en m\u00f6gulegt v\u00e6ri a\u00f0 hj\u00e1lpa<br \/>\nframvindunni, svo sem me\u00f0 \u00fev\u00ed a\u00f0 planta gr\u00f3\u00f0ri sem sty\u00f0ji vi\u00f0 ferli\u00f0.<\/p>\n<p>Stef\u00e1n G\u00edslason, umhverfisstj\u00f3rnunarfr\u00e6\u00f0ingur hj\u00e1 Environice,<br \/>\nflutti svo erindi sem nefndist \u201eEr klukkan or\u00f0in fimm? Vangaveltur um<br \/>\nt\u00edmasetningu bj\u00f6rgunara\u00f0ger\u00f0a\u201c. \u00cd erindi s\u00ednu fjalla\u00f0i hann um st\u00f6\u00f0u<br \/>\numhverfism\u00e1la og \u00fer\u00f3un styrks kold\u00edox\u00ed\u00f0s \u00ed andr\u00famsloftinu og hvort of seint s\u00e9<br \/>\na\u00f0 gr\u00edpa til a\u00f0ger\u00f0a sem sn\u00fai\u00f0 geti \u00fer\u00f3uninni vi\u00f0. Innist\u00e6\u00f0a til losunar ver\u00f0i<br \/>\nb\u00fain \u00e1 gaml\u00e1rskv\u00f6ld 2027. \u201e\u00deetta er sem sagt ney\u00f0ar\u00e1stand,\u201c sag\u00f0i hann og b\u00e6tti<br \/>\nvi\u00f0 a\u00f0 mannkyni\u00f0 v\u00e6ri a\u00f0 n\u00e1lgast \u00feann sta\u00f0 a\u00f0 of seint s\u00e9 a\u00f0 sn\u00faa vi\u00f0. Benti<br \/>\nhann \u00e1 a\u00f0 endurheimt votlendis v\u00e6ri skilvirk lei\u00f0 og flj\u00f3tleg til a\u00f0 hefta<br \/>\n\u00fatbl\u00e1stur, og \u00feess vegna k\u00e6mu \u00e1hrif sl\u00edkra a\u00f0ger\u00f0a fyrr fram en til d\u00e6mis<br \/>\nsk\u00f3gr\u00e6ktar, sem kannski hef\u00f0u samb\u00e6rileg \u00e1hrif, en t\u00e6kju mun lengri t\u00edma.<\/p>\n<p>Samf\u00e9lagsleg \u00e1byrg\u00f0 og loftslagsvandinn var svo yfirskrift<br \/>\nerindis Ey\u00fe\u00f3rs E\u00f0var\u00f0ssonar, stj\u00f3rnarformanns Votlendissj\u00f3\u00f0sins. Fjalla\u00f0i hann<br \/>\num sj\u00f3\u00f0inn, tilur\u00f0 hans og tilgang.<\/p>\n<p>\u00c1rni P\u00e9tur J\u00f3nsson, forstj\u00f3ri Skeljungs, flutti svo sj\u00f6tta og s\u00ed\u00f0asta erindi\u00f0 og fjalla\u00f0i um samstarf Orkunnar og Votlendissj\u00f3\u00f0sins, en lykil- og korth\u00f6fum Orkunnar b\u00fd\u00f0st a\u00f0 kolefnisjafna eldsneytiskaup s\u00edn me\u00f0 endurheimt votlendis. Vi\u00f0 t\u00f3ku svo almennar umr\u00e6\u00f0ur og spurningar \u00far sal \u00e1\u00f0ur en fundi var sliti\u00f0 \u00e1 t\u00f3lfta t\u00edmanum. <\/p>\n<figure class=\"wp-block-image\"><img decoding=\"async\" alt=\"\" class=\"wp-image-2235\" height=\"720\" src=\"https:\/\/www.samskip.is\/wp-content\/uploads\/sites\/9\/2019\/11\/votlendi_salur.jpg\" width=\"528\" \/><\/figure>\n","protected":false},"excerpt":{"rendered":"<p>H\u00fasfyllir var og mikill \u00e1hugi \u00e1 m\u00e1l\u00feingi Votlendissj\u00f3\u00f0sins sem fram f\u00f3r \u00ed salnum Kaldal\u00f3ni \u00ed H\u00f6rpu \u00ed Reykjav\u00edk \u00ed morgun. R\u00e6tt var um votlendi, m\u00f6guleika tengda endurheimt \u00feess og gildi [&hellip;]<\/p>\n","protected":false},"author":14,"featured_media":914193062,"comment_status":"closed","ping_status":"closed","sticky":false,"template":"","format":"standard","meta":{"_acf_changed":false,"footnotes":""},"categories":[32],"tags":[],"class_list":["post-162507197","post","type-post","status-publish","format-standard","has-post-thumbnail","hentry","category-frettir"],"acf":[],"_links":{"self":[{"href":"https:\/\/www.samskip.is\/en\/wp-json\/wp\/v2\/posts\/162507197","targetHints":{"allow":["GET"]}}],"collection":[{"href":"https:\/\/www.samskip.is\/en\/wp-json\/wp\/v2\/posts"}],"about":[{"href":"https:\/\/www.samskip.is\/en\/wp-json\/wp\/v2\/types\/post"}],"author":[{"embeddable":true,"href":"https:\/\/www.samskip.is\/en\/wp-json\/wp\/v2\/users\/14"}],"replies":[{"embeddable":true,"href":"https:\/\/www.samskip.is\/en\/wp-json\/wp\/v2\/comments?post=162507197"}],"version-history":[{"count":0,"href":"https:\/\/www.samskip.is\/en\/wp-json\/wp\/v2\/posts\/162507197\/revisions"}],"wp:featuredmedia":[{"embeddable":true,"href":"https:\/\/www.samskip.is\/en\/wp-json\/"}],"wp:attachment":[{"href":"https:\/\/www.samskip.is\/en\/wp-json\/wp\/v2\/media?parent=162507197"}],"wp:term":[{"taxonomy":"category","embeddable":true,"href":"https:\/\/www.samskip.is\/en\/wp-json\/wp\/v2\/categories?post=162507197"},{"taxonomy":"post_tag","embeddable":true,"href":"https:\/\/www.samskip.is\/en\/wp-json\/wp\/v2\/tags?post=162507197"}],"curies":[{"name":"wp","href":"https:\/\/api.w.org\/{rel}","templated":true}]}}