{"id":162640569,"date":"2020-09-25T16:07:18","date_gmt":"2020-09-25T16:07:18","guid":{"rendered":"https:\/\/en.samskip.webdev.is\/?p=162640569"},"modified":"2020-09-25T16:07:18","modified_gmt":"2020-09-25T16:07:18","slug":"vid-erum-samskip-litid-vid-hja-halldori-kristjani","status":"publish","type":"post","link":"https:\/\/www.samskip.is\/en\/blog\/2020\/09\/25\/vid-erum-samskip-litid-vid-hja-halldori-kristjani\/","title":{"rendered":"Vi\u00f0 erum Samskip \u2013 liti\u00f0 vi\u00f0 hj\u00e1 Halld\u00f3ri Kristj\u00e1ni"},"content":{"rendered":"<div class=\"wp-block-group\">\n<div class=\"wp-block-group__inner-container is-layout-flow wp-block-group-is-layout-flow\">\n<h3>A\u00f0 \u00feessu sinni f\u00e1um vi\u00f0 a\u00f0 kynnast \u00f6rl\u00edti\u00f0 betur starfsmanni okkar og f\u00e9laga, Halld\u00f3ri Kristj\u00e1ni Baldurssyni og l\u00edfinu \u00ed Samskipum.<\/h3>\n<\/div>\n<\/div>\n<p>A\u00f0 \u00feessu sinni f\u00e1um vi\u00f0 a\u00f0 kynnast \u00f6rl\u00edti\u00f0 betur starfsmanni okkar og f\u00e9laga, Halld\u00f3ri Kristj\u00e1ni Baldurssyni og l\u00edfinu \u00ed Samskipum.<br \/>Halld\u00f3r Kristj\u00e1n Baldursson er 26 \u00e1ra K\u00f3pavogsb\u00fai fr\u00e1 Akureyri. Hann er knattspyrnukempa sem spilar me\u00f0 Gr\u00f3ttu og hann er l\u00edka innheimtufulltr\u00fai \u00ed innheimtudeild Samskipa.L\u00edklega telst Halld\u00f3r Kristj\u00e1n koma \u00far me\u00f0alst\u00f3rri fj\u00f6lskyldu, e\u00f0a eins og hann l\u00fdsir \u00fev\u00ed sj\u00e1lfur: \u201e\u00c9g kem \u00far fimm manna fj\u00f6lskyldu, foreldrar, tv\u00f6 systkin og einn hundur.\u201c Hann \u00e1 svo l\u00edka k\u00e6rustu til lengri t\u00edma, en \u00feau hafa veri\u00f0 saman \u00ed \u00e1tta \u00e1r og \u00fear af b\u00fai\u00f0 saman \u00ed \u00ferj\u00fa. \u201eMamma og pabbi er b\u00fain a\u00f0 skipta m\u00e9r \u00fat \u00fear sem a\u00f0 \u00feau eru me\u00f0 skiptinema \u00e1 menntask\u00f3laaldri sem b\u00fdr hj\u00e1 \u00feeim \u00ed eitt \u00e1r,\u201c segir hann l\u00edka um a\u00f0draganda \u00feess a\u00f0 hann hleypti heimdraganum.<\/p>\n<p>Hva\u00f0 \u00e1hugam\u00e1l var\u00f0ar \u00fe\u00e1 segir Halld\u00f3r Kristj\u00e1n a\u00f0 hann ey\u00f0i n\u00e1nast \u00f6llum s\u00ednum fr\u00edt\u00edma \u00ed a\u00f0 spila f\u00f3tbolta og v\u00edsar til \u00feess a\u00f0 hann spili me\u00f0 Gr\u00f3ttu \u00ed efstu deild. \u201e\u00c1samt \u00fev\u00ed er \u00e9g einnig a\u00f0 \u00fej\u00e1lfa varali\u00f0 Gr\u00f3ttu sem spilar \u00ed fj\u00f3r\u00f0u deild.\u201c Hann er \u00fe\u00f3 ekki alveg einhamur \u00ed \u00e1hugam\u00e1lum, \u00fev\u00ed hann vi\u00f0urkennir a\u00f0 hafa l\u00edka byrja\u00f0 a\u00f0 spila golf \u00ed sumar. \u201eOg \u00e9g held \u00e9g s\u00e9 kominn me\u00f0 golfveiruna, \u00fear sem \u00e9g n\u00fdti allan lausan t\u00edma sem \u00e9g hef \u00fati \u00e1 golfvelli.\u201c<\/p>\n<p>Halld\u00f3r Kristj\u00e1n hefur veri\u00f0 hj\u00e1 Samskipum \u00ed \u00e1 \u00feri\u00f0ja \u00e1r, en hann h\u00f3f st\u00f6rf hj\u00e1 f\u00e9laginu sem sumarstarfsma\u00f0ur vori\u00f0 2018. \u00cdbygginn \u00e1 svip svarar hann \u00fev\u00ed hva\u00f0 s\u00e9u skemmtilegustu stundirnar \u00ed vinnunni. \u201e\u00dea\u00f0 er \u00feegar \u00fe\u00e6r \u201eungu\u201c skreppa \u00ed kaffip\u00e1sur. \u00de\u00e1 er r\u00f3 og fri\u00f0ur hj\u00e1 okkur Dan\u00edel.\u201c Helstu \u00e1skoranir \u00ed starfi sem vi\u00f0 er a\u00f0 eiga segir hann l\u00edka a\u00f0 s\u00e9u a\u00f0 reyna a\u00f0 svara \u00f6llum \u00feessum t\u00f6lvup\u00f3sti sem berst. \u201eH\u00f3lfi\u00f0 \u00e1 \u00fea\u00f0 til a\u00f0 fyllast ansi hratt, eins og kannski margir kannast vi\u00f0.\u201c<\/p>\n<p>\u00deegar Halld\u00f3r Kristj\u00e1n er spur\u00f0ur a\u00f0 \u00fev\u00ed hver s\u00e9 hans helsta fyrirmynd \u00ed l\u00edfinu og af hverju stendur ekki \u00e1 svari. \u201e\u00dea\u00f0 er pabbi. Hann hlj\u00f3p hundra\u00f0 k\u00edl\u00f3metra utanvegahlaup \u00ed sumar og kom heim eins og hann hef\u00f0i skroppi\u00f0 \u00fat a\u00f0 skokka, \u00f3tr\u00falegur g\u00e6i. En s\u00ed\u00f0an m\u00e1 l\u00edka nefnda fyrrum \u00fej\u00e1lfara minn, \u00d3skar Hrafn \u00deorvaldsson. Eins rugla\u00f0ur og s\u00e1 ma\u00f0ur getur veri\u00f0 \u00fe\u00e1 vir\u00f0ist hann alltaf finna r\u00e9ttu sv\u00f6rin.\u201c<\/p>\n<p>Ein \u00feeirra spurninga sem stundum er komi\u00f0 a\u00f0 \u00ed \u00feessum d\u00e1lki er hvernig f\u00f3lk vi\u00f0heldur \u00feekkingu sinni. Halld\u00f3r Kristj\u00e1n segir hana t\u00e6past eiga vi\u00f0 \u00ed s\u00ednu tilviki. \u201e\u00c9g tel mig n\u00fa enn\u00fe\u00e1 vera \u00fea\u00f0 ungan a\u00f0 \u00e9g s\u00e9 enn a\u00f0 safna \u00feekkingu,\u201c segir hann.Eins og gefur a\u00f0 skilja \u00fe\u00e1 kallar knattspyrnui\u00f0kunin \u00e1 a\u00f0 l\u00edkamlegt atgervi s\u00e9 gott. En hugsar Halld\u00f3r Kristj\u00e1n vel um heilsuna? \u201eJ\u00e1, \u00e9g allavega hreyfi mig ansi miki\u00f0 \u00e1 hverjum degi. \u00dea\u00f0 er \u00fe\u00f3 alltaf eitthva\u00f0 sem m\u00e6tti betur fara og \u00e9g hef heyrt a\u00f0 \u00fea\u00f0 s\u00e9 gott a\u00f0 sofa allavega \u00e1tta klukkut\u00edma \u00e1 hverri n\u00f3ttu. Sem \u00e9g geri ekki.\u201c<\/p>\n<p>Draumastarfi\u00f0, ef \u00fea\u00f0 st\u00e6\u00f0i til bo\u00f0a \u00ed vikut\u00edma e\u00f0a svo, stendur Halld\u00f3ri Kristj\u00e1ni n\u00e6rri. \u201e\u00dea\u00f0 var a\u00f0 sj\u00e1lfs\u00f6g\u00f0u alltaf draumurinn a\u00f0 upplifa atvinnumannal\u00edfi\u00f0 \u00ed f\u00f3tboltanum,\u201c svarar hann a\u00f0 brag\u00f0i.<br \/>En hva\u00f0 myndi hann leggja fyrir sig ef hann fengi a\u00f0 b\u00e6ta vi\u00f0 sig n\u00fdrri gr\u00e1\u00f0u? \u201e\u00c9g f\u00e6ri \u00ed klipparann. Ma\u00f0ur er alveg kominn me\u00f0 n\u00f3g af \u00fev\u00ed a\u00f0 fara \u00ed klippingu. Og \u00fe\u00e1 v\u00e6ri f\u00ednt a\u00f0 geta redda\u00f0 \u00feessu bara sj\u00e1lfur.\u201c<\/p>\n<p>\u00cd sumar var Halld\u00f3r Kristj\u00e1n \u00ed vinnunni og f\u00f3r ekki \u00ed sumarfr\u00ed fyrr en n\u00fana um n\u00fdli\u00f0in m\u00e1na\u00f0am\u00f3t. \u00cd fr\u00edinu stefndi hann \u00e1 a\u00f0 i\u00f0ka n\u00fdjasta \u00e1hugam\u00e1li\u00f0. \u201e\u00c9g vona innilega a\u00f0 ve\u00f0urgu\u00f0irnir leyfi m\u00e9r a\u00f0 n\u00e1 s\u00ed\u00f0ustu s\u00f3lard\u00f6gunum \u00e1 golfvellinum.\u201c V\u00e6tut\u00ed\u00f0 undanfari\u00f0 kann a\u00f0 hafa sett strik \u00ed \u00feennan reikning, en \u00fe\u00e1 er b\u00f3t \u00ed m\u00e1li a\u00f0 hann \u00e6tla\u00f0i l\u00edka a\u00f0 skella s\u00e9r nor\u00f0ur \u00e1 Akureyri a\u00f0 heilsa upp \u00e1 \u00e6ttingja og vini.<\/p>\n","protected":false},"excerpt":{"rendered":"<p>A\u00f0 \u00feessu sinni f\u00e1um vi\u00f0 a\u00f0 kynnast \u00f6rl\u00edti\u00f0 betur starfsmanni okkar og f\u00e9laga, Halld\u00f3ri Kristj\u00e1ni Baldurssyni og l\u00edfinu \u00ed Samskipum. A\u00f0 \u00feessu sinni f\u00e1um vi\u00f0 a\u00f0 kynnast \u00f6rl\u00edti\u00f0 betur starfsmanni [&hellip;]<\/p>\n","protected":false},"author":14,"featured_media":1079434641,"comment_status":"closed","ping_status":"closed","sticky":false,"template":"","format":"standard","meta":{"_acf_changed":false,"footnotes":""},"categories":[32],"tags":[],"class_list":["post-162640569","post","type-post","status-publish","format-standard","has-post-thumbnail","hentry","category-frettir"],"acf":[],"_links":{"self":[{"href":"https:\/\/www.samskip.is\/en\/wp-json\/wp\/v2\/posts\/162640569","targetHints":{"allow":["GET"]}}],"collection":[{"href":"https:\/\/www.samskip.is\/en\/wp-json\/wp\/v2\/posts"}],"about":[{"href":"https:\/\/www.samskip.is\/en\/wp-json\/wp\/v2\/types\/post"}],"author":[{"embeddable":true,"href":"https:\/\/www.samskip.is\/en\/wp-json\/wp\/v2\/users\/14"}],"replies":[{"embeddable":true,"href":"https:\/\/www.samskip.is\/en\/wp-json\/wp\/v2\/comments?post=162640569"}],"version-history":[{"count":0,"href":"https:\/\/www.samskip.is\/en\/wp-json\/wp\/v2\/posts\/162640569\/revisions"}],"wp:featuredmedia":[{"embeddable":true,"href":"https:\/\/www.samskip.is\/en\/wp-json\/"}],"wp:attachment":[{"href":"https:\/\/www.samskip.is\/en\/wp-json\/wp\/v2\/media?parent=162640569"}],"wp:term":[{"taxonomy":"category","embeddable":true,"href":"https:\/\/www.samskip.is\/en\/wp-json\/wp\/v2\/categories?post=162640569"},{"taxonomy":"post_tag","embeddable":true,"href":"https:\/\/www.samskip.is\/en\/wp-json\/wp\/v2\/tags?post=162640569"}],"curies":[{"name":"wp","href":"https:\/\/api.w.org\/{rel}","templated":true}]}}