{"id":171226233,"date":"2024-10-04T14:24:54","date_gmt":"2024-10-04T14:24:54","guid":{"rendered":"https:\/\/en.samskip.webdev.is\/?p=171226233"},"modified":"2024-10-04T14:24:54","modified_gmt":"2024-10-04T14:24:54","slug":"gullid-i-ecovadis-gott-starf-unnid-a-svidi-sjalfbaerni","status":"publish","type":"post","link":"https:\/\/www.samskip.is\/en\/blog\/2024\/10\/04\/gullid-i-ecovadis-gott-starf-unnid-a-svidi-sjalfbaerni\/","title":{"rendered":"Gulli\u00f0 \u00ed EcoVadis \u2013 gott starf unni\u00f0 \u00e1 svi\u00f0i sj\u00e1lfb\u00e6rni"},"content":{"rendered":"<p>Me\u00f0 fj\u00f6l\u00fe\u00e1tta flutningskerfi (e. <em>multimodal logistics solutions<\/em>) sem sty\u00f0ur vi\u00f0 markmi\u00f0 um a\u00f0 l\u00e1gmarka umhverfis\u00e1hrif og \u00f6\u00f0rum a\u00f0ger\u00f0um er sj\u00e1lfb\u00e6rni og samf\u00e9lags\u00e1byrg\u00f0 innbygg\u00f0 \u00ed grunnstefnu og starfsemi Samskipa. \u00deetta vitum vi\u00f0 sem hj\u00e1 fyrirt\u00e6kinu st\u00f6rfum, en f\u00f6gnum \u00fev\u00ed \u00feegar sta\u00f0festing \u00e1 okkar g\u00f3\u00f0a starfi og stefnu berst utan fr\u00e1, eins og me\u00f0 n\u00fdendurn\u00fdja\u00f0ri gullvottun EcoVadis.\u00a0<\/p>\n<p>EcoVadis er vi\u00f0urkenndur vottunara\u00f0ili sem framkv\u00e6mir \u00edtarlegar \u00fattektir \u00e1 frammist\u00f6\u00f0u fyrirt\u00e6kja um allan heim. Me\u00f0 gullvottun \u00e1 svi\u00f0i samf\u00e9lagslegrar \u00e1byrg\u00f0ar og sj\u00e1lfb\u00e6rni er sta\u00f0fest a\u00f0 Samskip \u00e1 \u00cdslandi er \u00ed h\u00f3pi fimm efstu pr\u00f3senta fyrirt\u00e6kja heims sem fyrirt\u00e6ki\u00f0 vottar.\u00a0Samskip hafa enda sj\u00e1lfb\u00e6rnimarkmi\u00f0 hvarvetna a\u00f0 lei\u00f0arlj\u00f3si og hafa n\u00e1\u00f0 g\u00f3\u00f0um \u00e1rangri v\u00ed\u00f0a. \u00c1 <a href=\"https:\/\/www.samskip.is\/sjalfbaerni\/\">Sj\u00e1lfb\u00e6rni s\u00ed\u00f0u<\/a> \u00e1 www.samskip.is m\u00e1 sj\u00e1 stefnu, \u00e1\u00e6tlanir og \u00e1rangur fyrirt\u00e6kisins \u00e1 svi\u00f0i umhverfism\u00e1la, f\u00e9lagslegra \u00fe\u00e1tta og stj\u00f3rnarh\u00e1tta sem og n\u00e1lgast <a href=\"https:\/\/sustainability.samskip.com\/\" target=\"_blank\" rel=\"noopener\">Sj\u00e1lfb\u00e6rnisk\u00fdrslu Samskipa fyrir \u00e1ri\u00f0 2023<\/a>. Til d\u00e6mis um \u00e1rangur \u00fe\u00e1 hafa Samskip \u00e1 s\u00ed\u00f0ustu \u00e1rum n\u00e1\u00f0 a\u00f0 minnka \u00fatbl\u00e1stur fr\u00e1 skipaflutningum um r\u00faman \u00feri\u00f0jung og fyrirt\u00e6ki\u00f0 er \u00ed forystu \u00e1 heimsv\u00edsu vi\u00f0 innlei\u00f0ingu og \u00fer\u00f3un a\u00f0ger\u00f0a sem draga \u00far orkunotkun og minnka umhverfisf\u00f3tspor starfseminnar. Vi\u00f0skiptavinir fyrirt\u00e6kisins hafa a\u00f0gang a\u00f0 kolefnisf\u00f3tsporsreikniv\u00e9l \u00e1 vef Samskipa \u00fear sem sj\u00e1 m\u00e1 \u00e1vinninginn af notkun fj\u00f6l\u00fe\u00e1tta flutningskerfis f\u00e9lagsins og geta \u00feeir einnig fengi\u00f0 n\u00e1kv\u00e6mari \u00fatreikninga \u00e1 kolefnisf\u00f3tspori sinna flutninga.\u00a0<\/p>\n<hr class=\"wp-block-separator has-alpha-channel-opacity\" \/>\n<h3 class=\"wp-block-heading\"><strong>\u00c1rangur Samskipa \u00e1 \u00e1rinu 2023<\/strong><\/h3>\n<div class=\"wp-block-columns is-layout-flex wp-container-core-columns-is-layout-9d6595d7 wp-block-columns-is-layout-flex\">\n<div class=\"wp-block-column is-layout-flow wp-block-column-is-layout-flow\">\n<figure class=\"wp-block-image size-full is-resized\"><img decoding=\"async\" alt=\"\" class=\"wp-image-17326\" height=\"190\" loading=\"lazy\" src=\"https:\/\/www.samskip.is\/wp-content\/uploads\/sites\/9\/2024\/07\/kubbur-sjalfbaerni-co2.png\" style=\"width:178px;height:auto\" width=\"190\" \/><\/figure>\n<p><strong>Minnkun kolefnisf\u00f3tspors Samskipa um 10,24% fr\u00e1 2022<\/strong><\/p>\n<\/div>\n<div class=\"wp-block-column is-layout-flow wp-block-column-is-layout-flow\">\n<figure class=\"wp-block-image size-full is-resized\"><img decoding=\"async\" alt=\"\" class=\"wp-image-17740\" height=\"190\" loading=\"lazy\" src=\"https:\/\/www.samskip.is\/wp-content\/uploads\/sites\/9\/2024\/08\/kubbur-ecovadis-2024.png\" style=\"width:174px;height:auto\" width=\"188\" \/><\/figure>\n<p><strong>Samskip \u00e1 \u00cdslandi hlutu gullvottun EcoVadis<\/strong><\/p>\n<\/div>\n<div class=\"wp-block-column is-layout-flow wp-block-column-is-layout-flow\">\n<figure class=\"wp-block-image size-full is-resized\"><img decoding=\"async\" alt=\"\" class=\"wp-image-17325\" height=\"190\" loading=\"lazy\" src=\"https:\/\/www.samskip.is\/wp-content\/uploads\/sites\/9\/2024\/07\/kubbur-sjalfbaern-lausnir.png\" style=\"width:174px;height:auto\" width=\"190\" \/><\/figure>\n<p><strong>Sj\u00e1lfb\u00e6rari lausnir me\u00f0 \u00e1herslu \u00e1 umhverfisv\u00e6na orku<\/strong><\/p>\n<\/div>\n<\/div>\n<hr class=\"wp-block-separator has-alpha-channel-opacity\" \/>\n<div class=\"wp-block-media-text is-stacked-on-mobile\" style=\"grid-template-columns:54% auto\">\n<figure class=\"wp-block-media-text__media\"><img decoding=\"async\" alt=\"\" class=\"wp-image-17467 size-full\" height=\"360\" loading=\"lazy\" src=\"https:\/\/www.samskip.is\/wp-content\/uploads\/sites\/9\/2024\/08\/seashuttle-small.jpeg\" width=\"600\" \/><\/figure>\n<div class=\"wp-block-media-text__content\">\n<p>Sm\u00ed\u00f0i tveggja vetnisskipa til sj\u00e1lfb\u00e6rra flutninga \u00e1 styttri sj\u00f3lei\u00f0um hefur vaki\u00f0 mikla athygli. Skipin munu flytja v\u00f6rur milli Noregs og Hollands og ver\u00f0a me\u00f0al fyrstu g\u00e1maflutningaskipa heims \u00e1 skemmri flutningslei\u00f0um sem ganga \u00e1 gr\u00e6nu vetni \u00e1n mengandi \u00fatbl\u00e1sturs. \u00c1\u00e6tla\u00f0 er a\u00f0 me\u00f0 notkun vetnisins sparist hj\u00e1 hvoru skipi \u00fatbl\u00e1stur sem nemur um 25.000 tonnum CO2. <\/p>\n<\/div>\n<\/div>\n<p>\u00cd Evr\u00f3pu hafa Samskip einnig stigi\u00f0 st\u00f3r skref vi\u00f0 n\u00fdtingu s\u00f3larorku. \u00de\u00e1 notast Samskip \u00e1vallt vi\u00f0 n\u00fdjar v\u00f6ruflutningabifrei\u00f0ar sem eru r\u00edkulega b\u00fanar t\u00e6kjum og t\u00f3lum sem mi\u00f0a a\u00f0 \u00fev\u00ed a\u00f0 auka \u00f6ryggi, draga \u00far \u00fatbl\u00e6stri og tryggja eins visth\u00e6fan flutning og v\u00f6l er \u00e1. \u00c1 n\u00e6sta \u00e1ri er l\u00edka \u00e1\u00e6tla\u00f0 a\u00f0 f\u00e1 til \u00cdslands fyrstu v\u00f6ruflutningabifrei\u00f0ina sem gengur fyrir vetni og Samskip hafa \u00feegar teki\u00f0 \u00ed notkun flutningab\u00edla sem ganga 100% fyrir rafmagni. Einnig m\u00e1 nefna a\u00f0 \u00fevottast\u00f6\u00f0 Samskipa \u00ed Reykjav\u00edk fyrir st\u00f3r \u00f6kut\u00e6ki er eins visth\u00e6f og kostur er og notast vi\u00f0 fr\u00e1rennslisvatn \u00far hitakerfum h\u00f6fu\u00f0st\u00f6\u00f0vanna.\u00a0\u00a0<\/p>\n<div class=\"wp-block-columns is-layout-flex wp-container-core-columns-is-layout-9d6595d7 wp-block-columns-is-layout-flex\">\n<div class=\"wp-block-column is-layout-flow wp-block-column-is-layout-flow\">\n<figure class=\"wp-block-image size-large is-resized\"><img decoding=\"async\" alt=\"\" class=\"wp-image-18034\" height=\"699\" loading=\"lazy\" src=\"https:\/\/www.samskip.is\/wp-content\/uploads\/sites\/9\/2024\/09\/forsidu-kubbar-afgreidsla-1024x699.jpg\" style=\"width:432px;height:auto\" width=\"1024\" \/><figcaption class=\"wp-element-caption\"><em>Rafmagnstrukkur sem keyrir \u00e1 100% rafmagni<\/em><\/figcaption><\/figure>\n<\/div>\n<div class=\"wp-block-column is-layout-flow wp-block-column-is-layout-flow\">\n<figure class=\"wp-block-image size-large is-resized\"><img decoding=\"async\" alt=\"\" class=\"wp-image-18259\" height=\"683\" loading=\"lazy\" src=\"https:\/\/www.samskip.is\/wp-content\/uploads\/sites\/9\/2024\/10\/samskip-thvottastodin-myndasafn-1024x683.jpg\" style=\"width:444px;height:auto\" width=\"1024\" \/><figcaption class=\"wp-element-caption\"><em>\u00devottast\u00f6\u00f0 fyrir st\u00e6rri b\u00edla<\/em><\/figcaption><\/figure>\n<\/div>\n<\/div>\n<p>Samskip m\u00e6la orkunotkun reglulega, n\u00fdta vistv\u00e6na orkugjafa eins og kostur er og leitast vi\u00f0 a\u00f0 halda mengun \u00ed l\u00e1gmarki. Vi\u00f0 val \u00e1 birgjum, t\u00e6kjum og \u00f6\u00f0rum a\u00f0f\u00f6ngum er svo leitast vi\u00f0 a\u00f0 velja umhverfisv\u00e6na kosti umfram a\u00f0ra. Plastm\u00e1l og -fl\u00f6skur hafa fyrir allnokkru veri\u00f0 ger\u00f0ar \u00fatl\u00e6gar hj\u00e1 Samskipum og markvisst unni\u00f0 a\u00f0 \u00fev\u00ed a\u00f0 minnka papp\u00edrsnotkun. Til a\u00f0 draga \u00far s\u00f3un er mikil \u00e1hersla me\u00f0al starfsf\u00f3lks a\u00f0 passa upp \u00e1 alla matars\u00f3un \u00ed m\u00f6tuneyti Samskipa og allt sorp flokka\u00f0 \u00ed sorpflokkunarst\u00f6\u00f0 fyrirt\u00e6kisins. Me\u00f0 \u00fev\u00ed f\u00e1st yfirgripsmiklar uppl\u00fdsingar um magn og au\u00f0veldara a\u00f0 leita lei\u00f0a til a\u00f0 draga \u00far \u00fargangi.\u00a0<\/p>\n<h3 class=\"wp-block-heading\"><strong>Mannau\u00f0sm\u00e1lin &#8211; f\u00f3lk og f\u00e9lagslegir \u00fe\u00e6ttir<\/strong><\/h3>\n<div class=\"wp-block-media-text is-stacked-on-mobile is-vertically-aligned-top\" style=\"grid-template-columns:55% auto\">\n<figure class=\"wp-block-media-text__media\"><img decoding=\"async\" alt=\"\" class=\"wp-image-18232 size-full\" height=\"683\" loading=\"lazy\" src=\"https:\/\/www.samskip.is\/wp-content\/uploads\/sites\/9\/2024\/10\/samskip2024-fundur-1024x683.png\" width=\"1024\" \/><\/figure>\n<div class=\"wp-block-media-text__content\">\n<p>\u00c1hersla \u00e1 samf\u00e9lags\u00e1byrg\u00f0 n\u00e6r l\u00edka til fleiri svi\u00f0a en t\u00e6kni\u00fer\u00f3unar og umhverfism\u00e1la. \u00cd mannau\u00f0sm\u00e1lum h\u00f6fum vi\u00f0 a\u00f0 lei\u00f0arlj\u00f3si gildi jafnr\u00e9ttis og j\u00e1kv\u00e6\u00f0ra samskipta. \u00c1hersla er l\u00f6g\u00f0 \u00e1 j\u00e1kv\u00e6\u00f0 og uppbyggjandi samskipti og jafnr\u00e6\u00f0i \u00f3h\u00e1\u00f0 kyni, uppruna e\u00f0a tr\u00faarbr\u00f6g\u00f0um. Vi\u00f0 h\u00f6fum skrifa\u00f0 undir s\u00e1ttm\u00e1la gegn einelti, \u00e1reitni og ofbeldi og stefnunni markvisst fylgt eftir, svo sem me\u00f0 innlei\u00f0ingu jafnlaunakerfis og jafnr\u00e9ttisstefnu. \u00d6flugt fr\u00e6\u00f0slustarf er innan fyrirt\u00e6kisins og mikil \u00e1hersla er l\u00f6g\u00f0 \u00e1 \u00f6ryggism\u00e1l, vinnuumhverfi og heilsu starfsf\u00f3lks.\u00a0<\/p>\n<\/div>\n<\/div>\n<p>Mikilv\u00e6gt er a\u00f0 fagna g\u00f3\u00f0um \u00e1rangri. Hj\u00e1 Samskipum f\u00f6gnum vi\u00f0 \u00f6ll n\u00fdfenginni sta\u00f0festingu \u00e1 gullvottun EcoVadis, og vitum a\u00f0 lykillinn a\u00f0 \u00feeim \u00e1rangri er sta\u00f0festa \u00ed stefnu Samskipa a\u00f0 vera \u00e1vallt \u00ed fararbroddi \u00e1 svi\u00f0i mannau\u00f0s- og umhverfism\u00e1la.\u00a0\u00a0<\/p>\n<div class=\"wp-block-buttons is-layout-flex wp-block-buttons-is-layout-flex\">\n<div class=\"wp-block-button\"><a class=\"wp-block-button__link wp-element-button\" href=\"https:\/\/sustainability.samskip.com\" rel=\"noreferrer noopener\" target=\"_blank\">Sj\u00e1lfb\u00e6rnisk\u00fdrsla Samskipa 2023<\/a><\/div>\n<\/div>\n","protected":false},"excerpt":{"rendered":"<p>Me\u00f0 fj\u00f6l\u00fe\u00e1tta flutningskerfi (e. multimodal logistics solutions) sem sty\u00f0ur vi\u00f0 markmi\u00f0 um a\u00f0 l\u00e1gmarka umhverfis\u00e1hrif og \u00f6\u00f0rum a\u00f0ger\u00f0um er sj\u00e1lfb\u00e6rni og samf\u00e9lags\u00e1byrg\u00f0 innbygg\u00f0 \u00ed grunnstefnu og starfsemi Samskipa. \u00deetta vitum [&hellip;]<\/p>\n","protected":false},"author":14,"featured_media":938877816,"comment_status":"closed","ping_status":"closed","sticky":false,"template":"","format":"standard","meta":{"_acf_changed":false,"footnotes":""},"categories":[32],"tags":[],"class_list":["post-171226233","post","type-post","status-publish","format-standard","has-post-thumbnail","hentry","category-frettir"],"acf":[],"_links":{"self":[{"href":"https:\/\/www.samskip.is\/en\/wp-json\/wp\/v2\/posts\/171226233","targetHints":{"allow":["GET"]}}],"collection":[{"href":"https:\/\/www.samskip.is\/en\/wp-json\/wp\/v2\/posts"}],"about":[{"href":"https:\/\/www.samskip.is\/en\/wp-json\/wp\/v2\/types\/post"}],"author":[{"embeddable":true,"href":"https:\/\/www.samskip.is\/en\/wp-json\/wp\/v2\/users\/14"}],"replies":[{"embeddable":true,"href":"https:\/\/www.samskip.is\/en\/wp-json\/wp\/v2\/comments?post=171226233"}],"version-history":[{"count":0,"href":"https:\/\/www.samskip.is\/en\/wp-json\/wp\/v2\/posts\/171226233\/revisions"}],"wp:featuredmedia":[{"embeddable":true,"href":"https:\/\/www.samskip.is\/en\/wp-json\/"}],"wp:attachment":[{"href":"https:\/\/www.samskip.is\/en\/wp-json\/wp\/v2\/media?parent=171226233"}],"wp:term":[{"taxonomy":"category","embeddable":true,"href":"https:\/\/www.samskip.is\/en\/wp-json\/wp\/v2\/categories?post=171226233"},{"taxonomy":"post_tag","embeddable":true,"href":"https:\/\/www.samskip.is\/en\/wp-json\/wp\/v2\/tags?post=171226233"}],"curies":[{"name":"wp","href":"https:\/\/api.w.org\/{rel}","templated":true}]}}