{"id":180142039,"date":"2017-11-13T00:00:00","date_gmt":"2017-11-13T00:00:00","guid":{"rendered":"https:\/\/en.samskip.webdev.is\/?p=180142039"},"modified":"2017-11-13T00:00:00","modified_gmt":"2017-11-13T00:00:00","slug":"vidbunadur-sem-sannad-hefur-gildi-sitt","status":"publish","type":"post","link":"https:\/\/www.samskip.is\/en\/blog\/2017\/11\/13\/vidbunadur-sem-sannad-hefur-gildi-sitt\/","title":{"rendered":"Vi\u00f0b\u00fana\u00f0ur sem sanna\u00f0 hefur gildi sitt"},"content":{"rendered":"<p>Verkferlarnir s\u00f6nnu\u00f0u gildi sitt \u00feegar \u00f3happ leiddi til salts\u00fdruleka \u00e1 athafnasv\u00e6\u00f0i\u00a0<\/p>\n<p><img decoding=\"async\" alt=\"Bergvin_thordarson.jpg\" src=\"\/wp-content\/eplicamedia\/medium\/bergvin_thordarson.jpg.jpg\" \/><\/p>\n<p>Samskipa vi\u00f0 Sundah\u00f6fn \u00ed Reykjav\u00edk undir lok s\u00ed\u00f0asta m\u00e1na\u00f0ar. \u201e\u00dea\u00f0 sem ger\u00f0ist var a\u00f0 \u00fea\u00f0 rakst eitthva\u00f0 \u00ed s\u00fdrubr\u00fasa \u00feegar veri\u00f0 var a\u00f0 taka hann og koma honum fyrir \u00ed flutningab\u00edl. Vi\u00f0 \u00fea\u00f0 kom \u00e1 hann l\u00edti\u00f0 naglagat og vi\u00f0 \u00fea\u00f0 f\u00f3r n\u00e1tt\u00farlega allt a\u00f0 leka,\u201c segir Bergvin Magn\u00fas \u00de\u00f3r\u00f0arson, \u00f6ryggisstj\u00f3ri hj\u00e1 Samskipum og b\u00e6tir vi\u00f0 a\u00f0 blessunarlega hafi veri\u00f0 brug\u00f0ist vi\u00f0 eftir b\u00f3kinni, en \u00ed a\u00f0st\u00e6\u00f0um sem \u00feessum mi\u00f0ist vi\u00f0brag\u00f0i\u00f0 vi\u00f0 a\u00f0 for\u00f0a frekara tj\u00f3ni, hvort heldur sem \u00fea\u00f0 er \u00e1 umhverfi e\u00f0a f\u00f3lki.<\/p>\n<p>\u201eH\u00e6ttuleg efni sem \u00feessi me\u00f0h\u00f6ndlar starfsf\u00f3lki\u00f0 okkar ekki, enda ekki s\u00e9rfr\u00e6\u00f0ingar \u00ed sl\u00edku, heldur hringjum vi\u00f0 strax \u00ed 1-1-2 \u00e1 eiturefnadeildina hj\u00e1 Sl\u00f6kkvili\u00f0inu og \u00feeir koma og sinna m\u00e1linu. Vi\u00f0 g\u00f6ngum hins vegar \u00ed a\u00f0 verja f\u00f3lk, farm og sta\u00f0i, og reynum a\u00f0 koma \u00ed veg fyrir a\u00f0 lekinn dreifi s\u00e9r me\u00f0 \u00fev\u00ed a\u00f0 koma fyrir svok\u00f6llu\u00f0um efnapulsum,\u201c segir Bergvin, en \u00fea\u00f0 eru s\u00e9rstakar r\u00fallur sem koma \u00ed veg fyrir a\u00f0 flj\u00f3tandi efni fari \u00fat um allt.<\/p>\n<p>H\u00e6ttulegur varningur er, samkv\u00e6mt svok\u00f6llu\u00f0um ADR-reglum sem um sl\u00edkan flutning gilda, efni og hlutir sem vegna efnafr\u00e6\u00f0ilegra e\u00f0a e\u00f0lisfr\u00e6\u00f0ilegra eiginleika eru: sprengifimir; eldfimir; me\u00f0 h\u00e6ttu \u00e1 sj\u00e1lftendrun; eitra\u00f0ir; geislavirkir; \u00e6tandi og sem vi\u00f0 ranga e\u00f0a \u00f3g\u00e6tilega me\u00f0h\u00f6ndlun vi\u00f0 flutning geta valdi\u00f0 ska\u00f0a \u00e1 d\u00fdrum, f\u00f3lki og umhverfi. Bergvin segir a\u00f0 flestum komi \u00e1 \u00f3vart hversu umfangsmikill flutningur \u00e1 h\u00e6ttulegum efnum s\u00e9, en \u00fear geti margv\u00edslegar v\u00f6rur veri\u00f0 undir.<\/p>\n<p>\u201e\u00dea\u00f0 er eitt og anna\u00f0 sem svona er skr\u00e1\u00f0, \u00fa\u00f0abr\u00fasar, flugeldar, i\u00f0na\u00f0arv\u00f6rur af \u00fdmsum toga, kl\u00f3r, s\u00fdrur, ol\u00edur, bens\u00ednbl\u00f6ndu\u00f0 efni, m\u00e1lning og fleira og fleira,\u201c segir Bergvin. Ef fr\u00e1 s\u00e9u teknir b\u00edlar \u00fe\u00e1 s\u00e9u \u00e1 \u00feessu \u00e1ri komin til landsins einhver 14 \u00fe\u00fasund tonn af v\u00f6rum sem flokkast undir h\u00e6ttuleg efni.<\/p>\n<p>\u00deegar v\u00f6rur sem \u00feessar eru fluttar og me\u00f0 \u00fe\u00e6r h\u00f6ndla\u00f0 \u00fe\u00e1 \u00fearf a\u00f0 fylgja l\u00f6gum og regluger\u00f0um um me\u00f0h\u00f6ndlun \u00e1 h\u00e6ttulegum varningi. \u201eVi\u00f0 f\u00f6rum eftir henni \u00ed einu og \u00f6llu var\u00f0andi papp\u00edra, r\u00e9ttindi og leyfi.\u201c Og \u00fe\u00f3 a\u00f0 reglurnar og umhverfi\u00f0 vir\u00f0ist fl\u00f3ki\u00f0 \u00fe\u00e1 segir Bergvin \u00fea\u00f0 l\u00e6rast eins og anna\u00f0. \u201eEn \u00feetta kallar til d\u00e6mis \u00e1 s\u00e9r\u00fattekna b\u00edla og vagna sem \u00feurfa a\u00f0 standast s\u00e9rstaka sko\u00f0un. Svo \u00feurfa b\u00edlstj\u00f3rarnir a\u00f0 vera me\u00f0 r\u00e9ttindi til \u00feessa flutnings og ekki alveg sama hva\u00f0a r\u00e9ttindi. \u00deau skiptast \u00ed fj\u00f3ra hluta, almenni flutningurinn sem er \u00ed sendib\u00edlum og loku\u00f0um kassab\u00edlum, svo er tankaleyfi, sprengiefnaleyfi og s\u00ed\u00f0ast leyfi til flutnings \u00e1 geislavirkum efnum.\u201c \u00deessum r\u00e9ttindum \u00feurfa b\u00edlstj\u00f3rar a\u00f0 b\u00e6ta vi\u00f0 sig \u00ed \u00feessari r\u00f6\u00f0, f\u00e1 fyrst leyfi til almenna flutningsins, \u00e1\u00f0ur en leyfi f\u00e6st til tankflutninga og \u00feannig koll af kolli. Hva\u00f0 geislavirkan flutning var\u00f0ar segir Bergvin st\u00e6rstan hluta hans vera efni sem notu\u00f0 eru \u00ed heilbrig\u00f0iskerfinu, svo sem \u00eds\u00f3t\u00f3pa \u00ed geislam\u00e6lingat\u00e6ki, en sl\u00edkt s\u00e9 alla jafna sent \u00ed flugi. Samskip hafi \u00fe\u00f3 veri\u00f0 a\u00f0 flytja bergm\u00e1ls\u00feykktarm\u00e6la me\u00f0 skipum og b\u00edlum sem falli \u00ed \u00feennan flutningsflokk.<\/p>\n<p>\u00de\u00e1 eru kva\u00f0ir um bruna- og mengunarvarnir sem \u00feurfa a\u00f0 vera til sta\u00f0ar. \u201eVi\u00f0 h\u00f6ldum reglulega \u00e6fingar, \u00fe\u00f3 a\u00f0 vi\u00f0 dr\u00f6gum ekki \u00fat pylsurnar, \u00fev\u00ed \u00feetta er einnota b\u00fana\u00f0ur. \u00dea\u00f0 er hins vegar g\u00e6tt a\u00f0 \u00fev\u00ed a\u00f0 allir viti hvar b\u00fana\u00f0urinn er geymdur, kunni a\u00f0 bera sig a\u00f0 vi\u00f0 notkun hans og eins a\u00f0 ekki s\u00e9 hindra\u00f0ur a\u00f0gangur a\u00f0 honum. \u00deetta er eins og me\u00f0 hjartastu\u00f0t\u00e6kin, ma\u00f0ur \u00fearf a\u00f0 eiga \u00feetta \u00fe\u00f3 a\u00f0 ma\u00f0ur vilji helst aldrei \u00feurfa a\u00f0 nota \u00fea\u00f0.\u201c<\/p>\n<p>Eins segir Bergvin heilmiki\u00f0 lagt \u00ed a\u00f0 verja umr\u00e1\u00f0asv\u00e6\u00f0i\u00f0 og koma \u00ed veg fyrir a\u00f0 \u00feanga\u00f0 komist f\u00f3lk sem ekki \u00e1 \u00fear heima, til d\u00e6mis me\u00f0 hreyfiskynjurum og \u00f6\u00f0rum b\u00fana\u00f0i. Kve\u00f0i\u00f0 er \u00e1 um takmarka\u00f0 a\u00f0gengi a\u00f0 \u00feessum sv\u00e6\u00f0um \u00ed siglingaverndarl\u00f6gum og Samskip eru \u00ed raun undirverktakar hj\u00e1 Faxafl\u00f3ah\u00f6fnum \u00feegar a\u00f0 \u00feessu kemur. \u201eVi\u00f0 t\u00f6kum \u00fe\u00e1 a\u00f0 okkur a\u00f0 sinna okkar sv\u00e6\u00f0i og verja \u00fea\u00f0 \u00f3\u00e6skilegri umfer\u00f0.\u201c \u00dea\u00f0 hafi blessunarlega veri\u00f0 f\u00e1t\u00edtt og minna um \u00fea\u00f0 \u00ed seinni t\u00ed\u00f0 a\u00f0 drukknir \u00cdslendingar \u00ed leit a\u00f0 heimili s\u00ednu eftir b\u00e6jarfer\u00f0 \u00fev\u00e6list inn \u00e1 sv\u00e6\u00f0i\u00f0. \u201eEn \u00fea\u00f0 var \u00e1 t\u00edmabili a\u00f0 menn r\u00f6tu\u00f0u ekki heim til s\u00edn og voru komnir ni\u00f0ur \u00e1 bryggju. En \u00fe\u00e1 fer bara \u00e1kve\u00f0i\u00f0 ferli \u00ed gang.\u201c<\/p>\n<p>Bergvin segir a\u00f0 yfirstandandi 4DX-\u00e1tak Samskipa \u00fear sem \u00e1hersla er l\u00f6g\u00f0 \u00e1 \u00f6ryggism\u00e1l hafi skila\u00f0 heilmikilli vitundarvakningu \u00e1 vinnusta\u00f0num. \u201e\u00c9g vil helst hafa \u00feetta \u00ed gangi alla daga \u00e1rsins. F\u00f3lk er fari\u00f0 a\u00f0 koma til m\u00edn sem kannski s\u00fdndi \u00f6ryggism\u00e1lunum l\u00edtinn skilning \u00e1\u00f0ur, en kemur n\u00fa og spyr \u00fat \u00ed hina og \u00feessa \u00f6ryggis\u00fe\u00e6tti.\u201c \u00de\u00e1 s\u00fdni t\u00f6lurnar l\u00edka \u00e1rangur \u00fev\u00ed \u00e1 t\u00edmabilinu 1. september til 1. desember \u00ed fyrra hafi or\u00f0i\u00f0 \u00e1tta slys, en n\u00fana s\u00e9u \u00fe\u00e1 \u00e1 sama t\u00edma bara tv\u00f6, eitt \u00e1 athafnasv\u00e6\u00f0i Samskipa og svo eitt umfer\u00f0arslys. \u201eVitundin er or\u00f0in miklu meiri. F\u00f3lk er fari\u00f0 a\u00f0 banka \u00ed \u00f6xlina \u00e1 f\u00e9laganum ef \u00fea\u00f0 s\u00e9r eitthva\u00f0 sem betur m\u00e6tti fara. Og \u00fea\u00f0 er \u00fea\u00f0 sem \u00feetta sn\u00fdst um, a\u00f0 af 500 manns s\u00e9um vi\u00f0 me\u00f0 502 \u00f6ryggisfulltr\u00faa. \u00dea\u00f0 eiga allir a\u00f0 vera sinn eigin \u00f6ryggisfulltr\u00fai.\u201c<\/p>\n","protected":false},"excerpt":{"rendered":"<p>Verkferlarnir s\u00f6nnu\u00f0u gildi sitt \u00feegar \u00f3happ leiddi til salts\u00fdruleka \u00e1 athafnasv\u00e6\u00f0i\u00a0 Samskipa vi\u00f0 Sundah\u00f6fn \u00ed Reykjav\u00edk undir lok s\u00ed\u00f0asta m\u00e1na\u00f0ar. \u201e\u00dea\u00f0 sem ger\u00f0ist var a\u00f0 \u00fea\u00f0 rakst eitthva\u00f0 \u00ed s\u00fdrubr\u00fasa [&hellip;]<\/p>\n","protected":false},"author":14,"featured_media":0,"comment_status":"closed","ping_status":"closed","sticky":false,"template":"","format":"standard","meta":{"_acf_changed":false,"footnotes":""},"categories":[32],"tags":[],"class_list":["post-180142039","post","type-post","status-publish","format-standard","hentry","category-frettir"],"acf":[],"_links":{"self":[{"href":"https:\/\/www.samskip.is\/en\/wp-json\/wp\/v2\/posts\/180142039","targetHints":{"allow":["GET"]}}],"collection":[{"href":"https:\/\/www.samskip.is\/en\/wp-json\/wp\/v2\/posts"}],"about":[{"href":"https:\/\/www.samskip.is\/en\/wp-json\/wp\/v2\/types\/post"}],"author":[{"embeddable":true,"href":"https:\/\/www.samskip.is\/en\/wp-json\/wp\/v2\/users\/14"}],"replies":[{"embeddable":true,"href":"https:\/\/www.samskip.is\/en\/wp-json\/wp\/v2\/comments?post=180142039"}],"version-history":[{"count":0,"href":"https:\/\/www.samskip.is\/en\/wp-json\/wp\/v2\/posts\/180142039\/revisions"}],"wp:attachment":[{"href":"https:\/\/www.samskip.is\/en\/wp-json\/wp\/v2\/media?parent=180142039"}],"wp:term":[{"taxonomy":"category","embeddable":true,"href":"https:\/\/www.samskip.is\/en\/wp-json\/wp\/v2\/categories?post=180142039"},{"taxonomy":"post_tag","embeddable":true,"href":"https:\/\/www.samskip.is\/en\/wp-json\/wp\/v2\/tags?post=180142039"}],"curies":[{"name":"wp","href":"https:\/\/api.w.org\/{rel}","templated":true}]}}