{"id":198923581,"date":"2024-11-15T13:26:40","date_gmt":"2024-11-15T13:26:40","guid":{"rendered":"https:\/\/en.samskip.webdev.is\/?p=198923581"},"modified":"2024-11-15T13:26:40","modified_gmt":"2024-11-15T13:26:40","slug":"konur-i-sjavarutvegi-kynntu-ser-samskip","status":"publish","type":"post","link":"https:\/\/www.samskip.is\/en\/blog\/2024\/11\/15\/konur-i-sjavarutvegi-kynntu-ser-samskip\/","title":{"rendered":"Konur \u00ed sj\u00e1var\u00fatvegi kynntu s\u00e9r Samskip"},"content":{"rendered":"<p>V\u00f6ruflutningur \u00e1 sj\u00f3 og landi er vi\u00f0amikil starfsemi sem \u00e1 s\u00e9r margar hli\u00f0ar, hvort sem \u00fea\u00f0 var\u00f0ar t\u00e6knilega \u00fatf\u00e6rslu e\u00f0a markmi\u00f0 um l\u00e1gm\u00f6rkun umhverfis\u00e1hrifa og samf\u00e9lagslega \u00e1byrg\u00f0. Samskip veitir reglulega gestum inns\u00fdn \u00ed \u00feessa starfsemi og \u00e1herslur fyrirt\u00e6kisins, l\u00edkt og \u00feegar r\u00edflega fj\u00f6rut\u00edu konur fr\u00e1 <strong>F\u00e9laginu Konur \u00ed sj\u00e1var\u00fatvegi (KIS)<\/strong> heims\u00f3ttu fyrirt\u00e6ki\u00f0 n\u00fdveri\u00f0.<\/p>\n<p>Samskip eru sterkt al\u00fej\u00f3\u00f0legt flutningafyrirt\u00e6ki me\u00f0 traust tengsl vi\u00f0 \u00edslenskan sj\u00e1var\u00fatveg og sem sl\u00edkt \u00e1hugaver\u00f0ur sta\u00f0ur fyrir Konur \u00ed sj\u00e1var\u00fatvegi a\u00f0 heims\u00e6kja. Auk \u00feess a\u00f0 f\u00e1 kynningu \u00e1 starfseminni heims\u00f3tti h\u00f3purinn \u00cdsheima, t\u00e6kniv\u00e6dda frystigeymslu Samskipa fyrir jafnt minni sem st\u00e6rri farma frosinna afur\u00f0a. \u00cd \u00cdsheimum er r\u00fam fyrir allt a\u00f0 6.500 tonn afur\u00f0a og bo\u00f0i\u00f0 upp \u00e1 s\u00e9rh\u00e6f\u00f0a \u00fej\u00f3nustu vi\u00f0 frysti- og fj\u00f6lvei\u00f0iskip.<\/p>\n<p>\u00de\u00e1 var liti\u00f0 um bor\u00f0 \u00ed Helgafell, flutningaskip Samskipa, \u00fear sem skipverjar voru \u00ed \u00f3\u00f0a \u00f6nn a\u00f0 undirb\u00faa brottf\u00f6r og \u00fev\u00ed miki\u00f0 um a\u00f0 vera \u00e1 hafnarsv\u00e6\u00f0inu.<\/p>\n<p><em>\u201eOkkur finnst mj\u00f6g gaman a\u00f0 f\u00e1 til okkar \u00ed heims\u00f3kn vi\u00f0skiptavini, v\u00e6ntanlega vi\u00f0skiptavini, f\u00e9lagasamt\u00f6k og a\u00f0ra og veita inns\u00fdn \u00ed starfsemi Samskipa. \u00de\u00e1 er l\u00edka gaman a\u00f0 greina fr\u00e1 \u00e1rangri sem n\u00e1\u00f0st hefur og skrefum, svo sem er var\u00f0a hagr\u00e6\u00f0ingu \u00ed rekstri, b\u00e6tta verkferla og n\u00fdsk\u00f6pun, auk umb\u00f3ta \u00ed \u00fej\u00f3nustu vi\u00f0 vi\u00f0skiptavini,\u201c<\/em> segir \u00c1g\u00fasta Hrund Steinarsd\u00f3ttir, forst\u00f6\u00f0uma\u00f0ur marka\u00f0s- og samskiptadeildar Samskipa.<\/p>\n<p>Hj\u00e1 Samskipum er \u00e1hersla l\u00f6g\u00f0 \u00e1 jafna st\u00f6\u00f0u kynjanna og markviss stefna til a\u00f0 koma \u00ed veg fyrir hvers konar mismunun og \u00fev\u00ed fagna\u00f0arefni a\u00f0 f\u00e1 \u00ed heims\u00f3kn h\u00f3p fr\u00e1 KIS sem vinnur a\u00f0 \u00fev\u00ed a\u00f0 efla konur \u00ed sj\u00e1var\u00fatvegi \u00fdta undir tengingar og samstarf \u00feeirra. <em>\u201eAfar \u00e1n\u00e6gjulegt var a\u00f0 f\u00e1 \u00fearna t\u00e6kif\u00e6ri til a\u00f0 styrkja tengslin, veita inns\u00fdn \u00ed hva\u00f0 vi\u00f0 erum a\u00f0 gera og deila hugmyndum, \u00fev\u00ed vi\u00f0 erum \u00e1vallt til tals um hvernig vi\u00f0 getum enn frekar stutt vi\u00f0 \u00edslenskan sj\u00e1var\u00fatveg,\u201c<\/em> b\u00e6tir \u00c1g\u00fasta vi\u00f0.<\/p>\n<p><a href=\"https:\/\/www.kis.is\/\" target=\"_blank\" rel=\"noopener\">F\u00e9lag kvenna \u00ed sj\u00e1var\u00fatvegi<\/a> var stofna\u00f0 \u00e1ri\u00f0 2013 og hefur a\u00f0 markmi\u00f0i a\u00f0 gera konur s\u00fdnilegri b\u00e6\u00f0i innan sj\u00e1var\u00fatvegsins og utan hans og a\u00f0 f\u00e1 fleiri konur til li\u00f0s vi\u00f0 sj\u00e1var\u00fatveginn. Heims\u00f3kn f\u00e9lagsins til Samskipa var hluti af skipul\u00f6g\u00f0um heims\u00f3knum KIS til fyrirt\u00e6kja \u00ed sj\u00e1var\u00fatvegi.<\/p>\n<div class=\"wp-block-buttons is-layout-flex wp-block-buttons-is-layout-flex\">\n<div class=\"wp-block-button\"><a class=\"wp-block-button__link wp-element-button\">F\u00e9lag kvenna \u00ed sj\u00e1var\u00fatvegi<\/a><\/div>\n<\/div>\n","protected":false},"excerpt":{"rendered":"<p>V\u00f6ruflutningur \u00e1 sj\u00f3 og landi er vi\u00f0amikil starfsemi sem \u00e1 s\u00e9r margar hli\u00f0ar, hvort sem \u00fea\u00f0 var\u00f0ar t\u00e6knilega \u00fatf\u00e6rslu e\u00f0a markmi\u00f0 um l\u00e1gm\u00f6rkun umhverfis\u00e1hrifa og samf\u00e9lagslega \u00e1byrg\u00f0. Samskip veitir reglulega [&hellip;]<\/p>\n","protected":false},"author":14,"featured_media":1240640154,"comment_status":"closed","ping_status":"closed","sticky":false,"template":"","format":"standard","meta":{"_acf_changed":false,"footnotes":""},"categories":[32],"tags":[],"class_list":["post-198923581","post","type-post","status-publish","format-standard","has-post-thumbnail","hentry","category-frettir"],"acf":[],"_links":{"self":[{"href":"https:\/\/www.samskip.is\/en\/wp-json\/wp\/v2\/posts\/198923581","targetHints":{"allow":["GET"]}}],"collection":[{"href":"https:\/\/www.samskip.is\/en\/wp-json\/wp\/v2\/posts"}],"about":[{"href":"https:\/\/www.samskip.is\/en\/wp-json\/wp\/v2\/types\/post"}],"author":[{"embeddable":true,"href":"https:\/\/www.samskip.is\/en\/wp-json\/wp\/v2\/users\/14"}],"replies":[{"embeddable":true,"href":"https:\/\/www.samskip.is\/en\/wp-json\/wp\/v2\/comments?post=198923581"}],"version-history":[{"count":0,"href":"https:\/\/www.samskip.is\/en\/wp-json\/wp\/v2\/posts\/198923581\/revisions"}],"wp:featuredmedia":[{"embeddable":true,"href":"https:\/\/www.samskip.is\/en\/wp-json\/"}],"wp:attachment":[{"href":"https:\/\/www.samskip.is\/en\/wp-json\/wp\/v2\/media?parent=198923581"}],"wp:term":[{"taxonomy":"category","embeddable":true,"href":"https:\/\/www.samskip.is\/en\/wp-json\/wp\/v2\/categories?post=198923581"},{"taxonomy":"post_tag","embeddable":true,"href":"https:\/\/www.samskip.is\/en\/wp-json\/wp\/v2\/tags?post=198923581"}],"curies":[{"name":"wp","href":"https:\/\/api.w.org\/{rel}","templated":true}]}}