{"id":210362170,"date":"2019-07-11T00:00:00","date_gmt":"2019-07-11T00:00:00","guid":{"rendered":"https:\/\/en.samskip.webdev.is\/?p=210362170"},"modified":"2019-07-11T00:00:00","modified_gmt":"2019-07-11T00:00:00","slug":"samskip-rada-kari-pekka-laaksonen-sem-forstjora-samsteypunnar-i-evropu-til-ad-leida-breytingar-i-thagu-vidskiptavina","status":"publish","type":"post","link":"https:\/\/www.samskip.is\/en\/blog\/2019\/07\/11\/samskip-rada-kari-pekka-laaksonen-sem-forstjora-samsteypunnar-i-evropu-til-ad-leida-breytingar-i-thagu-vidskiptavina\/","title":{"rendered":"Samskip r\u00e1\u00f0a Kari-Pekka Laaksonen sem forstj\u00f3ra samsteypunnar \u00ed Evr\u00f3pu til a\u00f0 lei\u00f0a breytingar \u00ed \u00fe\u00e1gu vi\u00f0skiptavina"},"content":{"rendered":"<p>\u00cd dag hafa Samskip, st\u00e6rsta fj\u00f6l\u00fe\u00e1tta flutningafyrirt\u00e6ki \u00ed Evr\u00f3pu, r\u00e1\u00f0i\u00f0 Kari-Pekka Laaksonen sem forstj\u00f3ra samst\u00e6\u00f0u Samskipa en r\u00e1\u00f0ning hans endurspeglar \u00e1herslu Samskipa \u00e1 a\u00f0 n\u00e1 frekari sam\u00fe\u00e6ttingu fyrirt\u00e6kisins og markmi\u00f0a vi\u00f0skiptavina \u00feess.<\/p>\n<p>Kari-Pekka sem hefur st\u00f6rf 1. \u00e1g\u00fast \u00ed h\u00f6fu\u00f0st\u00f6\u00f0vum Samskipa \u00ed Rotterdam kemur fr\u00e1 einum keppinauti fyrirt\u00e6kisins, hins finnska Containerships, en \u00fear hefur hann leitt \u00e1kafann v\u00f6xt \u00feess s\u00ed\u00f0an 2012. Kari-Pekka b\u00fdr yfir v\u00ed\u00f0t\u00e6kri reynslu \u00far skipageiranum \u00fear sem hann hefur starfa\u00f0 sem yfirstj\u00f3rnandi \u00ed flutningum innan efnav\u00f6ru, sk\u00f3garh\u00f6ggs og bifrei\u00f0aframlei\u00f0slu. \u00a0<\/p>\n<p> \u201eM\u00e9r fannst \u00fea\u00f0 pers\u00f3nulega mj\u00f6g spennandi t\u00e6kif\u00e6ri a\u00f0 koma til Samskipa \u00fev\u00ed fyrirt\u00e6ki\u00f0 hefur \u00e1 a\u00f0 skipa v\u00ed\u00f0t\u00e6ku flutninganeti um gj\u00f6rvalla Evr\u00f3pu,\u201c segir Kari-Pekka. \u201eSamkeppnin er h\u00f6r\u00f0 en Samskip r\u00e1\u00f0a yfir einst\u00f6ku \u00fej\u00f3nustuframbo\u00f0i \u00fear sem jafnv\u00e6gi er \u00e1 st\u00e6r\u00f0arskala flutninga \u00e1 styttri sj\u00f3lei\u00f0um, lestum, pr\u00f6mmum e\u00f0a v\u00f6rub\u00edlum annarsvegar og hinsvegar skj\u00f3tri \u00e1kvar\u00f0anat\u00f6ku sem fylgir fyrirt\u00e6ki \u00ed einkaeigu.\u201c<\/p>\n<p>Hann segir ennfremur a\u00f0 n\u00e1lgun Samskipa \u00e1 flutningi ver\u00f0i s\u00edfellt h\u00e1\u00f0ari markmi\u00f0um vi\u00f0skiptavina. \u201eFerilskr\u00e1 m\u00edn s\u00ed\u00f0ustu 20 \u00e1rin s\u00fdnir reynslu \u00far geiranum me\u00f0 mismunandi skipaflutningafyrirt\u00e6kjum en \u00fea\u00f0 endurspeglar \u00e1huga minn \u00e1 \u00fe\u00f6rfum vi\u00f0skiptavinanna. \u00c9g hlakka miki\u00f0 til \u00feess a\u00f0 \u00fer\u00f3a vi\u00f0skiptavinagrunn Samskipa \u00e1fram.\u201c<\/p>\n<p>\u201e\u00c9g \u00feekki Kari-Pekka b\u00e6\u00f0i faglega og pers\u00f3nulega til margra \u00e1ra og hef s\u00e9\u00f0 hve vel honum hefur vegna\u00f0. \u00c9g er \u00fev\u00ed afar \u00e1n\u00e6g\u00f0ur a\u00f0 hann s\u00e9 a\u00f0 koma yfir til okkar hj\u00e1 Samskipum,\u201c segir \u00d3lafur \u00d3lafsson, einn eiganda Samskipa.<\/p>\n<p>Samskip og eigendur f\u00e9lagsins hafa stu\u00f0la\u00f0 a\u00f0 vexti fyrirt\u00e6kisins \u00ed samr\u00e6mi vi\u00f0 stefnu undanfarinna \u00e1ra en n\u00fa er \u00fea\u00f0 skref teki\u00f0 a\u00f0 sameina alla starfssemina undir einu stj\u00f3rnendateymi. Kari-Pekka forstj\u00f3ri samsteypunnar mun fara fyrir sex manna framkv\u00e6mdastj\u00f3rn fyrirt\u00e6kisins en \u00c1sbj\u00f6rn G\u00edslason sem veri\u00f0 hefur forstj\u00f3ri Samskip Logistics situr \u00fear og tekur vi\u00f0 hlutverki a\u00f0sto\u00f0arforstj\u00f3ra samsteypunnar vi\u00f0 hli\u00f0 Kari-Pekka.<\/p>\n<p> Hva\u00f0 \u00cdsland var\u00f0ar er skipulagsbreytingin ekki mikil \u00fear sem Birkir H\u00f3lm Gu\u00f0nason, er forstj\u00f3ri Samskipa \u00e1 \u00cdslandi og s\u00fa starfssemi mun hinsvegar nj\u00f3ta frekari stu\u00f0nings fr\u00e1 h\u00f6fu\u00f0st\u00f6\u00f0vunum \u00ed Rotterdam og styrkleika \u00feeirrar heildar sem fylgir al\u00fej\u00f3\u00f0legu flutningafyrirt\u00e6ki og getu \u00feess.<\/p>\n<p> Kari-Pekka segir a\u00f0 lokum a\u00f0 hann s\u00e9 stoltur af \u00fev\u00ed a\u00f0 koma a\u00f0 rekstri Samskipa, fyrirt\u00e6kis sem er mj\u00f6g framarlega \u00ed umhverfism\u00e1lum \u00e1 s\u00ednu svi\u00f0i og hefur leitt marka\u00f0inn me\u00f0 vi\u00f0skiptam\u00f3deli sem losar umfer\u00f0 af vegum og dregur \u00far loftmengun \u00ed Evr\u00f3pu. \u201e\u00deegar \u00e9g r\u00e6\u00f0i vi\u00f0 al\u00fej\u00f3\u00f0leg st\u00f3rfyrirt\u00e6ki, \u00fe\u00e1 tel \u00e9g a\u00f0 Samskip hafi forystuna \u00ed visth\u00e6fni og sj\u00e1lfb\u00e6rum lausnum og hafi tekist a\u00f0 draga umtalsvert \u00far kolefnisf\u00f3tspori s\u00ednu; fj\u00f6l\u00fe\u00e1tta flutningar eru nefnilega hi\u00f0 prakt\u00edska, og raunverulega svar vi\u00f0 kr\u00f6fum n\u00fat\u00edmans. \u00de\u00e1 er stafr\u00e6n \u00fer\u00f3un innan Samskipa einnig hr\u00f6\u00f0 \u00feessi misserin sem \u00fe\u00fd\u00f0ir a\u00f0 samkeppnish\u00e6fi \u00feess skilar okkur forr\u00e9ttindast\u00f6\u00f0u \u00ed geiranum,\u201c segir Kari-Pekka.<\/p>\n","protected":false},"excerpt":{"rendered":"<p>\u00cd dag hafa Samskip, st\u00e6rsta fj\u00f6l\u00fe\u00e1tta flutningafyrirt\u00e6ki \u00ed Evr\u00f3pu, r\u00e1\u00f0i\u00f0 Kari-Pekka Laaksonen sem forstj\u00f3ra samst\u00e6\u00f0u Samskipa en r\u00e1\u00f0ning hans endurspeglar \u00e1herslu Samskipa \u00e1 a\u00f0 n\u00e1 frekari sam\u00fe\u00e6ttingu fyrirt\u00e6kisins og markmi\u00f0a [&hellip;]<\/p>\n","protected":false},"author":14,"featured_media":1221295932,"comment_status":"closed","ping_status":"closed","sticky":false,"template":"","format":"standard","meta":{"_acf_changed":false,"footnotes":""},"categories":[32],"tags":[],"class_list":["post-210362170","post","type-post","status-publish","format-standard","has-post-thumbnail","hentry","category-frettir"],"acf":[],"_links":{"self":[{"href":"https:\/\/www.samskip.is\/en\/wp-json\/wp\/v2\/posts\/210362170","targetHints":{"allow":["GET"]}}],"collection":[{"href":"https:\/\/www.samskip.is\/en\/wp-json\/wp\/v2\/posts"}],"about":[{"href":"https:\/\/www.samskip.is\/en\/wp-json\/wp\/v2\/types\/post"}],"author":[{"embeddable":true,"href":"https:\/\/www.samskip.is\/en\/wp-json\/wp\/v2\/users\/14"}],"replies":[{"embeddable":true,"href":"https:\/\/www.samskip.is\/en\/wp-json\/wp\/v2\/comments?post=210362170"}],"version-history":[{"count":0,"href":"https:\/\/www.samskip.is\/en\/wp-json\/wp\/v2\/posts\/210362170\/revisions"}],"wp:featuredmedia":[{"embeddable":true,"href":"https:\/\/www.samskip.is\/en\/wp-json\/"}],"wp:attachment":[{"href":"https:\/\/www.samskip.is\/en\/wp-json\/wp\/v2\/media?parent=210362170"}],"wp:term":[{"taxonomy":"category","embeddable":true,"href":"https:\/\/www.samskip.is\/en\/wp-json\/wp\/v2\/categories?post=210362170"},{"taxonomy":"post_tag","embeddable":true,"href":"https:\/\/www.samskip.is\/en\/wp-json\/wp\/v2\/tags?post=210362170"}],"curies":[{"name":"wp","href":"https:\/\/api.w.org\/{rel}","templated":true}]}}