{"id":215883913,"date":"2020-03-20T17:08:52","date_gmt":"2020-03-20T17:08:52","guid":{"rendered":"https:\/\/en.samskip.webdev.is\/?p=215883913"},"modified":"2020-03-20T17:08:52","modified_gmt":"2020-03-20T17:08:52","slug":"samskip-breyta-siglingaaaetlun-sinni-2","status":"publish","type":"post","link":"https:\/\/www.samskip.is\/en\/blog\/2020\/03\/20\/samskip-breyta-siglingaaaetlun-sinni-2\/","title":{"rendered":"Samskip breyta siglinga\u00e1\u00e6tlun sinni"},"content":{"rendered":"<p><strong>T\u00edmabundin breyting \u00ed lj\u00f3si a\u00f0st\u00e6\u00f0na \u00ed \u00fej\u00f3\u00f0f\u00e9laginu <\/strong>\u2022<strong> Sty\u00f0ur enn frekar vi\u00f0 \u00fatflutning fr\u00e1 \u00f6llu landinu<br \/>\nbeint til Evr\u00f3pu <\/strong>\u2022 <strong>Aukin \u00fej\u00f3nusta<br \/>\nvi\u00f0 innflutning \u00e1 Nor\u00f0urlandi <\/strong>\u2022<strong> <\/strong><\/p>\n<p>Samskip f\u00e6kka skipum um<br \/>\neitt \u00ed t\u00edmabundnum breytingum \u00e1 millilandasiglingum fyrirt\u00e6kisins. \u00cd n\u00fdrri<br \/>\nsiglinga\u00e1\u00e6tlun sinna fj\u00f6gur skip v\u00f6ruflutningum \u00e1 \u00e1fangasta\u00f0i \u00e1 landsbygg\u00f0inni<br \/>\nog \u00ed Evr\u00f3pu. Siglingar samkv\u00e6mt n\u00fdrri \u00e1\u00e6tlun hefjast 6. apr\u00edl n\u00e6stkomandi.<\/p>\n<p>\u00cd n\u00fdju kerfi sinna<br \/>\nflutningaskipin Samskip Hoffell og Samskip Skaftafell siglingum \u00e1 svonefndri<br \/>\nStrandlei\u00f0 \u00fear sem siglt er vikulega fr\u00e1 Reykjav\u00edk nor\u00f0ur og austur fyrir land,<br \/>\n\u00fea\u00f0an til Hull \u00ed Bretlandi og svo \u00e1fram til Rotterdam \u00ed Hollandi \u00e1\u00f0ur en haldi\u00f0<br \/>\ner aftur til Reykjav\u00edkur. <\/p>\n<p>N\u00fd Strandlei\u00f0 mun hafa<br \/>\nvikulega vi\u00f0komu \u00e1 Akureyri, en a\u00f0ra hverja viku er komi\u00f0 vi\u00f0 \u00e1 \u00cdsafir\u00f0i,<br \/>\nVopnafir\u00f0i, Sau\u00f0\u00e1rkr\u00f3ki og Rey\u00f0arfir\u00f0i.\u00a0 <\/p>\n<p>Nor\u00f0urlei\u00f0in er \u00f3breytt<br \/>\nmi\u00f0a\u00f0 vi\u00f0 n\u00faverandi \u00e1\u00e6tlun Samskipa. \u00dear sem flutningaskipin Arnarfell og<br \/>\nHelgafell halda \u00e1fram vikulegum siglinum fr\u00e1 Reykjav\u00edk til Rotterdam. \u00c1<br \/>\n\u00fatlei\u00f0inni er komi\u00f0 vi\u00f0 \u00ed Vestmannaeyjum og \u00ed F\u00e6reyjum, en \u00e1 heimlei\u00f0inni fr\u00e1<br \/>\nRotterdam er vi\u00f0koma \u00ed Cuxhaven \u00ed \u00de\u00fdskalandi, Varberg \u00ed Sv\u00ed\u00fej\u00f3\u00f0, \u00c1r\u00f3sum \u00ed<br \/>\nDanm\u00f6rku og svo \u00ed F\u00e6reyjum. <\/p>\n<p><strong>Birkir H\u00f3lm Gu\u00f0nason, forstj\u00f3ri Samskipa \u00e1<br \/>\n\u00cdslandi:<\/strong><\/p>\n<p><em>\u201eR\u00e1\u00f0ist er \u00ed<br \/>\nbreytingarnar n\u00fana vegna \u00f3vissu sem uppi er \u00ed kj\u00f6lfar heimsfaraldurs COVID-19.<br \/>\n\u00de\u00e6r ver\u00f0a svo teknar til endursko\u00f0unar \u00feegar a\u00f0st\u00e6\u00f0ur leyfa. Me\u00f0 \u00feessum<br \/>\nbreytingum erum vi\u00f0 a\u00f0 bj\u00f3\u00f0a stysta flutningst\u00edma fr\u00e1 str\u00f6nd til Evr\u00f3pu. \u00deannig<br \/>\nhefur tekist vel til vi\u00f0 a\u00f0 vi\u00f0halda og auka \u00fej\u00f3nustu \u00e1 innflutningssvi\u00f0i me\u00f0 \u00fev\u00ed<br \/>\na\u00f0 b\u00e6ta tengingar vi\u00f0 Nor\u00f0urlandi\u00f0.<\/em><\/p>\n<p><em>Um lei\u00f0 og vi\u00f0 leggjum<br \/>\n\u00e1herslu \u00e1 a\u00f0 breytt \u00e1\u00e6tlun hafi ekki \u00e1hrif \u00e1 n\u00faverandi \u00fej\u00f3nustu vi\u00f0 innflutning<br \/>\n\u00e1 v\u00f6rum til \u00cdslands er lagt upp me\u00f0 a\u00f0 b\u00e6ta enn frekar \u00fej\u00f3nustu vi\u00f0 \u00fatflutning<br \/>\nfr\u00e1 landinu \u00f6llu me\u00f0 beinum siglingum fr\u00e1 \u00fatskipunarh\u00f6fnum \u00e1 str\u00f6ndinni \u00e1<br \/>\nmarka\u00f0i \u00ed Evr\u00f3pu<\/em>.\u201d<\/p>\n<p><strong>N\u00e1nari uppl\u00fdsingar um<br \/>\nsiglinga\u00e1\u00e6tlun Samskipa og \u00fej\u00f3nustu vi\u00f0 inn- og \u00fatflutning er a\u00f0 finna \u00e1 vef<br \/>\nSamskipa:<\/strong> <a href=\"http:\/\/www.samskip.is\">www.samskip.is<\/a> <\/p>\n<p><a href=\"https:\/\/www.samskip.is\/flutningar\/innflutningur\/\">H\u00e9r<\/a><br \/>\nm\u00e1 sj\u00e1 n\u00e1nari uppl\u00fdsingar um innflutningslei\u00f0ir okkar \u00ed breyttri \u00e1\u00e6tlun.<\/p>\n<p><a href=\"https:\/\/www.samskip.is\/flutningar\/utflutningur\">H\u00e9r<\/a><br \/>\nm\u00e1 sj\u00e1 n\u00e1nari \u00a0\u00fatflutningslei\u00f0ir okkar \u00ed<br \/>\nbreyttri \u00e1\u00e6tlun. <\/p>\n","protected":false},"excerpt":{"rendered":"<p>T\u00edmabundin breyting \u00ed lj\u00f3si a\u00f0st\u00e6\u00f0na \u00ed \u00fej\u00f3\u00f0f\u00e9laginu \u2022 Sty\u00f0ur enn frekar vi\u00f0 \u00fatflutning fr\u00e1 \u00f6llu landinu beint til Evr\u00f3pu \u2022 Aukin \u00fej\u00f3nusta vi\u00f0 innflutning \u00e1 Nor\u00f0urlandi \u2022 Samskip f\u00e6kka skipum [&hellip;]<\/p>\n","protected":false},"author":14,"featured_media":1008571798,"comment_status":"closed","ping_status":"closed","sticky":false,"template":"","format":"standard","meta":{"_acf_changed":false,"footnotes":""},"categories":[32],"tags":[],"class_list":["post-215883913","post","type-post","status-publish","format-standard","has-post-thumbnail","hentry","category-frettir"],"acf":[],"_links":{"self":[{"href":"https:\/\/www.samskip.is\/en\/wp-json\/wp\/v2\/posts\/215883913","targetHints":{"allow":["GET"]}}],"collection":[{"href":"https:\/\/www.samskip.is\/en\/wp-json\/wp\/v2\/posts"}],"about":[{"href":"https:\/\/www.samskip.is\/en\/wp-json\/wp\/v2\/types\/post"}],"author":[{"embeddable":true,"href":"https:\/\/www.samskip.is\/en\/wp-json\/wp\/v2\/users\/14"}],"replies":[{"embeddable":true,"href":"https:\/\/www.samskip.is\/en\/wp-json\/wp\/v2\/comments?post=215883913"}],"version-history":[{"count":0,"href":"https:\/\/www.samskip.is\/en\/wp-json\/wp\/v2\/posts\/215883913\/revisions"}],"wp:featuredmedia":[{"embeddable":true,"href":"https:\/\/www.samskip.is\/en\/wp-json\/"}],"wp:attachment":[{"href":"https:\/\/www.samskip.is\/en\/wp-json\/wp\/v2\/media?parent=215883913"}],"wp:term":[{"taxonomy":"category","embeddable":true,"href":"https:\/\/www.samskip.is\/en\/wp-json\/wp\/v2\/categories?post=215883913"},{"taxonomy":"post_tag","embeddable":true,"href":"https:\/\/www.samskip.is\/en\/wp-json\/wp\/v2\/tags?post=215883913"}],"curies":[{"name":"wp","href":"https:\/\/api.w.org\/{rel}","templated":true}]}}