{"id":221386353,"date":"2019-07-25T00:00:00","date_gmt":"2019-07-25T00:00:00","guid":{"rendered":"https:\/\/en.samskip.webdev.is\/?p=221386353"},"modified":"2019-07-25T00:00:00","modified_gmt":"2019-07-25T00:00:00","slug":"samskip-baeta-vid-skipum-til-eystrasaltsins","status":"publish","type":"post","link":"https:\/\/www.samskip.is\/en\/blog\/2019\/07\/25\/samskip-baeta-vid-skipum-til-eystrasaltsins\/","title":{"rendered":"Samskip b\u00e6ta vi\u00f0 skipum til Eystrasaltsins"},"content":{"rendered":"<p>\u00a0<\/p>\n<p>Lagt ver\u00f0ur upp \u00e1 n\u00fdrri siglingalei\u00f0 fr\u00e1 Reykjav\u00edk \u00e1 mi\u00f0vikud\u00f6gum. Fyrst er siglt til Cuxhaven \u00ed \u00de\u00fdskalandi, me\u00f0 vi\u00f0komu \u00ed Vestmannaeyjum og F\u00e6reyjum, og \u00fea\u00f0 me\u00f0 tengingu til Gdansk \u00ed P\u00f3llandi og svo \u00e1fram til Klaipeda \u00ed Lith\u00e1en. \u00c1 bakalei\u00f0inni er svo siglt til \u00d3sl\u00f3 \u00ed Noregi, \u00e1\u00f0ur en siglt er til \u00c1r\u00f3sa \u00ed Danm\u00f6rku me\u00f0 tengingu til \u00cdslands \u00e1 n\u00fd.<\/p>\n<p>N\u00fd siglingalei\u00f0 b\u00fd\u00f0ur upp \u00e1 marg\u00fe\u00e6ttan \u00e1vinning jafnt fyrir inn- og \u00fatflutning fr\u00e1 \u00cdslandi. Flutningur me\u00f0 Samskipum alla lei\u00f0 skilar s\u00e9r \u00ed auknum \u00e1rei\u00f0anleika og b\u00e6ttri \u00fej\u00f3nustu vi\u00f0 vi\u00f0skiptavini, en \u00e1rei\u00f0anleiki \u00ed flutningum er lykilatri\u00f0i fyrir \u00fatflytjendur \u00ed sj\u00e1var\u00fatvegi og marga a\u00f0ra.<\/p>\n<p>\u00de\u00e1 er mikill innflutningur fr\u00e1 Eystrasaltsl\u00f6ndunum og t\u00e6kif\u00e6ri honum tengt. \u00dear m\u00e1 nefna margv\u00edslega byggingav\u00f6ru, h\u00fasg\u00f6gn, umb\u00fa\u00f0ir, framlei\u00f0sluv\u00f6rur og annan almennan neytendavarning.<\/p>\n<p><em>\u201eVi\u00f0 sj\u00e1um mikla vaxtarm\u00f6guleika fyrir b\u00e6\u00f0i innflutning og \u00fatflutning me\u00f0 \u00feessari b\u00e6ttu tenginu vi\u00f0 Eystrasalti\u00f0. Me\u00f0 millili\u00f0alausum flutning innan okkar siglingakerfis er \u00e1vinningur \u00e1 hverjum vi\u00f0komusta\u00f0 me\u00f0 tengingum vi\u00f0 v\u00ed\u00f0t\u00e6kt flutningsnet Samskipa innan Evr\u00f3pu. \u00de\u00e1 er vi\u00f0b\u00f3tar\u00e1vinningur \u00ed beinum innflutningi fr\u00e1 Noregi til \u00cdslands innan siglingakerfis Samskipa \u00e1 \u00cdslandi. Vi\u00f0 h\u00f6fum unni\u00f0 a\u00f0 \u00feessari siglingalei\u00f0 \u00ed nokkra m\u00e1nu\u00f0i til a\u00f0 b\u00e6ta \u00e1rei\u00f0anleika og \u00fej\u00f3nustu vi\u00f0 vi\u00f0skiptavini okkar.\u201c segir Birkir H\u00f3lm Gu\u00f0nason forstj\u00f3ri Samskipa \u00e1 \u00cdslandi<\/em><\/p>\n<p>Tv\u00f6 skip sinna siglingum \u00e1 n\u00fdju siglingalei\u00f0inni. Vi\u00f0koma \u00e1 hverjum sta\u00f0 \u00e1 n\u00fdrri lei\u00f0 er bundin vi\u00f0 \u00e1kve\u00f0na daga vikunnar.<\/p>\n<p>\u00c1 \u00fatlei\u00f0inni fr\u00e1 \u00cdslandi er siglt er fr\u00e1 Reykjav\u00edk \u00e1 mi\u00f0vikud\u00f6gum, Vestmannaeyjum \u00e1 fimmtud\u00f6gum, F\u00e6reyjum \u00e1 f\u00f6stud\u00f6gum, Cuxhaven \u00e1 \u00feri\u00f0jud\u00f6gum, Gdansk \u00e1 f\u00f6stud\u00f6gum og Klaipeda \u00e1 laugard\u00f6gum. \u00c1 bakalei\u00f0inni fr\u00e1 Klaipeda er lagt upp fr\u00e1 \u00d3sl\u00f3 \u00e1 m\u00e1nud\u00f6gum, og til \u00cdslands fr\u00e1 \u00c1r\u00f3sum \u00e1 fimmtud\u00f6gum.<\/p>\n<p>\u00a0<\/p>\n<p>\u00a0<\/p>\n","protected":false},"excerpt":{"rendered":"<p>\u00a0 Lagt ver\u00f0ur upp \u00e1 n\u00fdrri siglingalei\u00f0 fr\u00e1 Reykjav\u00edk \u00e1 mi\u00f0vikud\u00f6gum. Fyrst er siglt til Cuxhaven \u00ed \u00de\u00fdskalandi, me\u00f0 vi\u00f0komu \u00ed Vestmannaeyjum og F\u00e6reyjum, og \u00fea\u00f0 me\u00f0 tengingu til Gdansk [&hellip;]<\/p>\n","protected":false},"author":14,"featured_media":1054327419,"comment_status":"closed","ping_status":"closed","sticky":false,"template":"","format":"standard","meta":{"_acf_changed":false,"footnotes":""},"categories":[32],"tags":[],"class_list":["post-221386353","post","type-post","status-publish","format-standard","has-post-thumbnail","hentry","category-frettir"],"acf":[],"_links":{"self":[{"href":"https:\/\/www.samskip.is\/en\/wp-json\/wp\/v2\/posts\/221386353","targetHints":{"allow":["GET"]}}],"collection":[{"href":"https:\/\/www.samskip.is\/en\/wp-json\/wp\/v2\/posts"}],"about":[{"href":"https:\/\/www.samskip.is\/en\/wp-json\/wp\/v2\/types\/post"}],"author":[{"embeddable":true,"href":"https:\/\/www.samskip.is\/en\/wp-json\/wp\/v2\/users\/14"}],"replies":[{"embeddable":true,"href":"https:\/\/www.samskip.is\/en\/wp-json\/wp\/v2\/comments?post=221386353"}],"version-history":[{"count":0,"href":"https:\/\/www.samskip.is\/en\/wp-json\/wp\/v2\/posts\/221386353\/revisions"}],"wp:featuredmedia":[{"embeddable":true,"href":"https:\/\/www.samskip.is\/en\/wp-json\/"}],"wp:attachment":[{"href":"https:\/\/www.samskip.is\/en\/wp-json\/wp\/v2\/media?parent=221386353"}],"wp:term":[{"taxonomy":"category","embeddable":true,"href":"https:\/\/www.samskip.is\/en\/wp-json\/wp\/v2\/categories?post=221386353"},{"taxonomy":"post_tag","embeddable":true,"href":"https:\/\/www.samskip.is\/en\/wp-json\/wp\/v2\/tags?post=221386353"}],"curies":[{"name":"wp","href":"https:\/\/api.w.org\/{rel}","templated":true}]}}