{"id":241127370,"date":"2023-01-31T16:04:21","date_gmt":"2023-01-31T16:04:21","guid":{"rendered":"https:\/\/en.samskip.webdev.is\/?p=241127370"},"modified":"2023-01-31T16:04:21","modified_gmt":"2023-01-31T16:04:21","slug":"verkfallsbodanir-i-akstri","status":"publish","type":"post","link":"https:\/\/www.samskip.is\/en\/blog\/2023\/01\/31\/verkfallsbodanir-i-akstri\/","title":{"rendered":"Fr\u00e9ttatilkynning \u2013 Verkfallsbo\u00f0anir \u00ed akstri"},"content":{"rendered":"<p>Samninganefnd Eflingar st\u00e9ttarf\u00e9lags sam\u00feykkti \u00e1 fundi s\u00ednum \u00ed g\u00e6r verkfallsbo\u00f0anir sem taka annars vegar til starfsmanna\u00a0 h\u00f3telke\u00f0junnar Berjaya Hotels og h\u00f3telsins The Reykjav\u00edk Edition og hins vegar til b\u00edlstj\u00f3ra flutningabifrei\u00f0a og til ol\u00edudreifingar.<\/p>\n<p>Hj\u00e1 Samskipum tekur verkfallsbo\u00f0unin til aksturs flutningabifrei\u00f0a sem ger\u00f0ur er \u00fat fr\u00e1 h\u00f6fu\u00f0st\u00f6\u00f0vum fyrirt\u00e6kisins \u00ed Reykjav\u00edk.<\/p>\n<p>Forsvarsmenn Samskipa vonast til \u00feess a\u00f0 ekki komi til verkfalls en undrast \u00fea\u00f0 a\u00f0 Efling skuli beina a\u00f0ger\u00f0um s\u00ednum a\u00f0 einungis einu fyrirt\u00e6ki \u00e1 flutningamarka\u00f0i.<\/p>\n<p>Atkv\u00e6\u00f0agrei\u00f0sla um verkfalli\u00f0 hefst \u00e1 h\u00e1degi n\u00e6stkomandi f\u00f6studag og stendur til klukkan 18:00 \u00e1 \u00feri\u00f0judag. Ver\u00f0i bo\u00f0un verkfallanna sam\u00feykkt hefst vinnust\u00f6\u00f0vun \u00e1 h\u00e1degi 15. febr\u00faar. Unni\u00f0 er a\u00f0 \u00fev\u00ed a\u00f0 draga \u00far \u00e1hrifum \u00e1 \u00fej\u00f3nustu vi\u00f0 vi\u00f0skiptavini Samskipa komi til verkfalls.<\/p>\n<p>Kjaravi\u00f0r\u00e6\u00f0ur vi\u00f0 Eflingu eru \u00ed h\u00f6ndum SA og munu forsvarsmenn Samskipa ekki tj\u00e1 sig frekar um m\u00e1li\u00f0 a\u00f0 svo st\u00f6ddu.<\/p>\n<p>Frekari uppl\u00fdsingar:<\/p>\n<p>\u00de\u00f3runn Inga Ingjaldsd\u00f3ttir forst\u00f6\u00f0uma\u00f0ur marka\u00f0- og samskiptasvi\u00f0s Samskipa.<br \/><a href=\"mailto:Thorunn.inga.ingjaldottir@samskip.com\">Thorunn.inga.ingjaldottir@samskip.com<\/a><\/p>\n","protected":false},"excerpt":{"rendered":"<p>Samninganefnd Eflingar st\u00e9ttarf\u00e9lags sam\u00feykkti \u00e1 fundi s\u00ednum \u00ed g\u00e6r verkfallsbo\u00f0anir sem taka annars vegar til starfsmanna\u00a0 h\u00f3telke\u00f0junnar Berjaya Hotels og h\u00f3telsins The Reykjav\u00edk Edition og hins vegar til b\u00edlstj\u00f3ra flutningabifrei\u00f0a [&hellip;]<\/p>\n","protected":false},"author":14,"featured_media":933453304,"comment_status":"closed","ping_status":"closed","sticky":false,"template":"","format":"standard","meta":{"_acf_changed":false,"footnotes":""},"categories":[32],"tags":[],"class_list":["post-241127370","post","type-post","status-publish","format-standard","has-post-thumbnail","hentry","category-frettir"],"acf":[],"_links":{"self":[{"href":"https:\/\/www.samskip.is\/en\/wp-json\/wp\/v2\/posts\/241127370","targetHints":{"allow":["GET"]}}],"collection":[{"href":"https:\/\/www.samskip.is\/en\/wp-json\/wp\/v2\/posts"}],"about":[{"href":"https:\/\/www.samskip.is\/en\/wp-json\/wp\/v2\/types\/post"}],"author":[{"embeddable":true,"href":"https:\/\/www.samskip.is\/en\/wp-json\/wp\/v2\/users\/14"}],"replies":[{"embeddable":true,"href":"https:\/\/www.samskip.is\/en\/wp-json\/wp\/v2\/comments?post=241127370"}],"version-history":[{"count":0,"href":"https:\/\/www.samskip.is\/en\/wp-json\/wp\/v2\/posts\/241127370\/revisions"}],"wp:featuredmedia":[{"embeddable":true,"href":"https:\/\/www.samskip.is\/en\/wp-json\/"}],"wp:attachment":[{"href":"https:\/\/www.samskip.is\/en\/wp-json\/wp\/v2\/media?parent=241127370"}],"wp:term":[{"taxonomy":"category","embeddable":true,"href":"https:\/\/www.samskip.is\/en\/wp-json\/wp\/v2\/categories?post=241127370"},{"taxonomy":"post_tag","embeddable":true,"href":"https:\/\/www.samskip.is\/en\/wp-json\/wp\/v2\/tags?post=241127370"}],"curies":[{"name":"wp","href":"https:\/\/api.w.org\/{rel}","templated":true}]}}