{"id":241483427,"date":"2017-08-29T00:00:00","date_gmt":"2017-08-29T00:00:00","guid":{"rendered":"https:\/\/en.samskip.webdev.is\/?p=241483427"},"modified":"2017-08-29T00:00:00","modified_gmt":"2017-08-29T00:00:00","slug":"kaup-samskipa-a-nor-lines-samthykkt","status":"publish","type":"post","link":"https:\/\/www.samskip.is\/en\/blog\/2017\/08\/29\/kaup-samskipa-a-nor-lines-samthykkt\/","title":{"rendered":"Kaup Samskipa \u00e1 Nor Lines sam\u00feykkt"},"content":{"rendered":"<p>Samningur um kaupin var ger\u00f0ur \u00ed s\u00ed\u00f0asta m\u00e1nu\u00f0i \u00fear sem Samskip keyptu rekstur Nor Lines \u00ed \u00feeim tilgangi a\u00f0 efla starfsemi f\u00e9lagsins \u00ed Noregi. Fj\u00f3rum vikum s\u00ed\u00f0ar kemur ni\u00f0ursta\u00f0a norska samkeppniseftirlitsins.<\/p>\n<p>\u201e\u00deetta eru g\u00f3\u00f0ar fr\u00e9ttir, segir \u00c1sbj\u00f6rn G\u00edslason forstj\u00f3ri Samskip Logistics og b\u00e6tir vi\u00f0 a\u00f0 \u00ed Noregi liggi mikil t\u00e6kif\u00e6ri og getum vi\u00f0 n\u00fa bo\u00f0i\u00f0 vi\u00f0skiptavinum okkar fj\u00f6lbreyttara v\u00f6ruframbo\u00f0.\u201c<\/p>\n<p>Samskip hafa markvisst styrkt st\u00f6\u00f0u s\u00edna \u00ed Noregi undanfarin \u00e1r, b\u00e6\u00f0i me\u00f0 innri vexti og kaupum \u00e1 \u00f6\u00f0um f\u00e9l\u00f6gum. Eftir kaupin \u00e1 Nor Lines ver\u00f0a Samskip eitt af st\u00f3ru flutningafyrirt\u00e6kjunum \u00ed landinu.\u00a0<\/p>\n","protected":false},"excerpt":{"rendered":"<p>Samningur um kaupin var ger\u00f0ur \u00ed s\u00ed\u00f0asta m\u00e1nu\u00f0i \u00fear sem Samskip keyptu rekstur Nor Lines \u00ed \u00feeim tilgangi a\u00f0 efla starfsemi f\u00e9lagsins \u00ed Noregi. Fj\u00f3rum vikum s\u00ed\u00f0ar kemur ni\u00f0ursta\u00f0a norska [&hellip;]<\/p>\n","protected":false},"author":14,"featured_media":0,"comment_status":"closed","ping_status":"closed","sticky":false,"template":"","format":"standard","meta":{"_acf_changed":false,"footnotes":""},"categories":[32],"tags":[],"class_list":["post-241483427","post","type-post","status-publish","format-standard","hentry","category-frettir"],"acf":[],"_links":{"self":[{"href":"https:\/\/www.samskip.is\/en\/wp-json\/wp\/v2\/posts\/241483427","targetHints":{"allow":["GET"]}}],"collection":[{"href":"https:\/\/www.samskip.is\/en\/wp-json\/wp\/v2\/posts"}],"about":[{"href":"https:\/\/www.samskip.is\/en\/wp-json\/wp\/v2\/types\/post"}],"author":[{"embeddable":true,"href":"https:\/\/www.samskip.is\/en\/wp-json\/wp\/v2\/users\/14"}],"replies":[{"embeddable":true,"href":"https:\/\/www.samskip.is\/en\/wp-json\/wp\/v2\/comments?post=241483427"}],"version-history":[{"count":0,"href":"https:\/\/www.samskip.is\/en\/wp-json\/wp\/v2\/posts\/241483427\/revisions"}],"wp:attachment":[{"href":"https:\/\/www.samskip.is\/en\/wp-json\/wp\/v2\/media?parent=241483427"}],"wp:term":[{"taxonomy":"category","embeddable":true,"href":"https:\/\/www.samskip.is\/en\/wp-json\/wp\/v2\/categories?post=241483427"},{"taxonomy":"post_tag","embeddable":true,"href":"https:\/\/www.samskip.is\/en\/wp-json\/wp\/v2\/tags?post=241483427"}],"curies":[{"name":"wp","href":"https:\/\/api.w.org\/{rel}","templated":true}]}}