{"id":259690090,"date":"2020-01-17T12:16:56","date_gmt":"2020-01-17T12:16:56","guid":{"rendered":"https:\/\/en.samskip.webdev.is\/?p=259690090"},"modified":"2020-01-17T12:16:56","modified_gmt":"2020-01-17T12:16:56","slug":"samtal-vid-michal-cerwonka-starfsmann-samskipa","status":"publish","type":"post","link":"https:\/\/www.samskip.is\/en\/blog\/2020\/01\/17\/samtal-vid-michal-cerwonka-starfsmann-samskipa\/","title":{"rendered":"Samtal vi\u00f0 Michal Cerwonka starfsmann Samskipa"},"content":{"rendered":"<p>Vi\u00f0 \u00e6tlum a\u00f0eins a\u00f0 l\u00edta bak vi\u00f0 tj\u00f6ldin og kynnast Michal Czerwonka sem er f\u00e6ddur \u00ed P\u00f3llandi og kom til \u00cdslands fr\u00e1 litlum b\u00e6, um 30 k\u00edl\u00f3metra fr\u00e1 Lublin e\u00f0a 1200 k\u00edl\u00f3metra beint \u00ed su\u00f0ur fr\u00e1 Varsj\u00e1. Michal er verkstj\u00f3ri \u00ed v\u00f6ruh\u00fasi og hefur starfa\u00f0 hj\u00e1 Samskipum \u00ed r\u00fam t\u00f3lf \u00e1r. Vi\u00f0 t\u00f3kum hann tali og fr\u00e6ddumst um hvernig \u00fea\u00f0 bar a\u00f0.  <\/p>\n<p><strong>Flutti fr\u00e1 stressinu \u00ed P\u00f3llandi til \u00cdslands fyrir 12 \u00e1rum<\/strong> <\/p>\n<p>\u201e\u00c9g er giftur p\u00f3lskri konu og \u00e1 \u00ferj\u00fa b\u00f6rn, 17 \u00e1ra stelpu, 16 \u00e1ra str\u00e1k og annan str\u00e1k sem er a\u00f0 ver\u00f0a sex \u00e1ra, \u00e1 lei\u00f0 \u00ed grunnsk\u00f3la, og er f\u00e6ddur \u00e1 \u00cdslandi. \u00c9g kom til \u00cdslands til a\u00f0 leita betra l\u00edfs og betri vinnu. \u00c9g haf\u00f0i unni\u00f0 \u00ed \u00de\u00fdskalandi \u00ed eitt \u00e1r og \u00e1tti fr\u00e6nku \u00e1 \u00cdslandi sem stakk upp \u00e1 \u00fev\u00ed a\u00f0 vi\u00f0 myndum pr\u00f3fa \u00fea\u00f0 a\u00f0 koma til \u00cdslands. \u00c9g kom \u00e1ri \u00e1 undan fj\u00f6lskyldunni. \u00dea\u00f0 var vont \u00e1stand \u00ed P\u00f3llandi \u00e1 \u00feessum t\u00edma \u2013 \u00fea\u00f0 var svosem n\u00e6ga vinnu a\u00f0 hafa en h\u00fan var mj\u00f6g illa launu\u00f0 og erfitt a\u00f0 lifa af laununum \u00fe\u00f3tt vi\u00f0 v\u00e6rum b\u00e6\u00f0i a\u00f0 vinna\u201c segir Michal en algengt er \u00ed P\u00f3llandi a\u00f0 samningar vi\u00f0 laun\u00feega s\u00e9u einungis framlengdir viku \u00ed senn en sl\u00edkt er mikill stressvaldur \u00ed l\u00edfi p\u00f3lskra fj\u00f6lskyldna.<\/p>\n<p><strong>Stressi\u00f0 svo miki\u00f0 a\u00f0 f\u00f3lk ekur \u00e1fram \u00e1 gr\u00e6num kalli<\/strong><br \/>A\u00f0spur\u00f0ur hvort ve\u00f0ri\u00f0 \u00e1 \u00cdslandi hafi ekki trufla\u00f0 Michal eitthva\u00f0 brosir hann bara og segir \u201eneihei. Ma\u00f0ur er bara alltaf inni \u00ed h\u00fasi og ve\u00f0ri\u00f0 skiptir \u00fe\u00e1 engu m\u00e1li. \u00deegar ma\u00f0ur flutti hinga\u00f0 til \u00cdslands \u00fe\u00e1 t\u00f3k ma\u00f0ur fyrst eftir \u00fev\u00ed hva\u00f0 \u00cdslendingar eru r\u00f3legir. H\u00e9r \u00f6skrar enginn og t\u00edmapressan er ekki svona mikil eins og ma\u00f0ur \u00feekkir \u00ed P\u00f3llandi \u00fear sem er miki\u00f0 stress og mikil hlaup. H\u00e9r eru bara allir \u00e1n\u00e6g\u00f0ir ef ma\u00f0ur er duglegur. Ef ma\u00f0ur f\u00e9kk g\u00f3\u00f0a vinnu \u00ed P\u00f3llandi \u00fe\u00e1 var\u00f0 ma\u00f0ur a\u00f0 s\u00fdna meira og meira. \u00dea\u00f0 eru rosalega miklar kr\u00f6fur til manns og miki\u00f0 stress og \u00e9g er ekki bara a\u00f0 tala um \u00ed vinnunni. \u00deetta s\u00e9st \u00e1 g\u00f6tum \u00ed P\u00f3llandi. \u00dear stoppar enginn fyrir gangandi f\u00f3lki heldur eru allir a\u00f0 fl\u00fdta s\u00e9r. \u00c1 \u00cdslandi s\u00e9r ma\u00f0ur b\u00edla stoppa fyrir f\u00f3lki vi\u00f0 gangbraut og \u00fea\u00f0 er miklu meiri kurteisi h\u00e9r. \u00c9g held \u00feetta s\u00e9 tengt p\u00f3lskri menningu en svo \u00feekki \u00e9g hana reyndar ekki eins miki\u00f0 og margir a\u00f0rir P\u00f3lverjar \u00fev\u00ed \u00e9g var bara \u00ferj\u00fa \u00e1r \u00e1 vinnumarka\u00f0i \u00ed P\u00f3llandi \u00e1\u00f0ur en \u00e9g kom til \u00cdslands. \u00c9g reyndar t\u00f3k eftir \u00feessu \u00ed \u00de\u00fdskalandi l\u00edka. En \u00ed alv\u00f6ru, \u00fea\u00f0 er kannski gr\u00e6nn kall \u00e1 lj\u00f3si fyrir gangandi vegfarendur og \u00e9g er b\u00fainn a\u00f0 kenna str\u00e1knum m\u00ednum a\u00f0 \u00fea\u00f0 ver\u00f0i a\u00f0 fylgjast me\u00f0 b\u00edlunum \u00fev\u00ed \u00feeir keyra bara samt \u00e1fram \u00fe\u00f3tt \u00fea\u00f0 s\u00e9 gr\u00e6nn kall fyrir gangandi vegfarendur. \u00deetta heitir eitthva\u00f0 \u00ed p\u00f3lsku, man ekki hva\u00f0 samt.\u201c<\/p>\n<p><strong>Fylgist vel me\u00f0 f\u00f3tboltanum<\/strong><\/p>\n<p>\u201e\u00deegar vi\u00f0 f\u00f3rum \u00ed ESB og Schengen \u00fe\u00e1 breytti \u00fea\u00f0 miki\u00f0 fyrir okkur \u00ed P\u00f3llandi. \u00dea\u00f0 var \u00fe\u00e1 um 2005-2006 sem P\u00f3lverjar komu \u00ed meira m\u00e6li til \u00cdslands, en \u00fea\u00f0 hefur svo aukist mj\u00f6g miki\u00f0 s\u00ed\u00f0an. H\u00e9r er \u00e1g\u00e6tis samf\u00e9lag hj\u00e1 okkur. Vi\u00f0 fylgjumst miki\u00f0 me\u00f0 f\u00f3tboltanum og leigjum t.d. sal til a\u00f0 spila yfir veturinn og spilum \u00fati \u00e1 sumrin. \u00c9g er markma\u00f0ur sj\u00e1lfur og ma\u00f0ur fylgist me\u00f0 p\u00f3lskum leikm\u00f6nnum \u00ed erlendum li\u00f0um eins og Juventus, AC Milan og Bayern Munchen \u2013 ma\u00f0ur fylgist ekki miki\u00f0 me\u00f0 enska boltanum eins og flestir gera h\u00e9r \u00e1 \u00cdslandi. Vi\u00f0 f\u00f6rum einstaka sinnum \u00e1 \u00d6lver til a\u00f0 horfa \u00e1 boltann. \u00deannig a\u00f0 \u00fea\u00f0 eru ekki bara vinnuf\u00e9lagarnir heldur l\u00edka vinir sem ma\u00f0ur \u00e1 h\u00e9rna utan vinnu.\u201c<\/p>\n<p>Michal hefur l\u00edka\u00f0 vel \u00e1 \u00cdslandi enda er fj\u00f6lskyldan sest a\u00f0 h\u00e9r. \u201eKonan m\u00edn \u00e1 br\u00f3\u00f0ir sem er l\u00edka a\u00f0 vinna \u00e1 \u00cdslandi og vi\u00f0 erum komin me\u00f0 sm\u00e1 fj\u00f6lskyldu h\u00e9r. Vi\u00f0 reynum hinsvegar alltaf a\u00f0 fara til P\u00f3llands \u00ed sumarfr\u00ed og hitta m\u00f6mmu og pabba og fj\u00f6lskylduna \u2013 vi\u00f0 reynum a\u00f0 n\u00e1 allt a\u00f0 sex vikna fr\u00edi.\u201c<\/p>\n<p>\u201e\u00c9g elska a\u00f0 fara \u00ed \u00fatilegur og tjalda en vi\u00f0 h\u00f6fum n\u00fa ekki miki\u00f0 veri\u00f0 a\u00f0 gera \u00fea\u00f0 \u00e1 \u00cdslandi\u201c segir Michal og hl\u00e6r.\u00a0 \u201eEn vi\u00f0 f\u00f6rum miki\u00f0 \u00ed sumarb\u00fasta\u00f0, s\u00e9rstaklega hj\u00e1 Samskipum og vi\u00f0 reynum a\u00f0 gr\u00edpa t\u00e6kif\u00e6ri\u00f0 \u00feegar Samskipab\u00fasta\u00f0urinn er laus. Vi\u00f0 h\u00f6fum l\u00edka eki\u00f0 um allt \u00cdsland. Vi\u00f0 erum b\u00fain a\u00f0 fara hringinn \u00ferisvar og b\u00fain a\u00f0 sko\u00f0a allt landi\u00f0 nema Vestmannaeuyjar. \u00c9g er hrifinn af H\u00fasav\u00edk og Dj\u00fapavogi og \u00fea\u00f0 er mj\u00f6g gaman a\u00f0 fara um Vestfir\u00f0i. Og eins Egilssta\u00f0i og Sey\u00f0isfj\u00f6r\u00f0ur er l\u00edka fallegur. \u00dea\u00f0 er margt fallegt \u00e1 \u00cdslandi fyrir \u00fatlendinga \u2013 \u00fea\u00f0 eina sem m\u00e9r finnst ekki fallegt er a\u00f0 keyra fr\u00e1 Keflav\u00edk til Reykjav\u00edkur. \u00dea\u00f0 er allssta\u00f0ar flott \u00fats\u00fdni annars \u00e1 \u00cdslandi. Reyndar ekki mj\u00f6g spennandi a\u00f0 keyra til Akureyrar heldur. En hin lei\u00f0in er mj\u00f6g falleg, austur fyrir.\u00a0<\/p>\n<p><strong>L\u00e6r\u00f0i miki\u00f0 \u00e1 flutningask\u00f3la Samskipa<\/strong><\/p>\n<p>\u201e\u00c9g starfa sem verkstj\u00f3ri \u00ed v\u00f6ruh\u00fasi og \u00ed h\u00fdsingu erum vi\u00f0 tveir, t\u00fdnslustj\u00f3ri og m\u00f3tt\u00f6kustj\u00f3ri og vi\u00f0 bl\u00f6ndum \u00feessu reyndar d\u00e1l\u00edti\u00f0 saman \u00fev\u00ed vi\u00f0 sinnum b\u00e1\u00f0um st\u00f6rfum. Starfsmenn \u00ed m\u00f3tt\u00f6ku og t\u00fdnslu gera \u00feetta l\u00edka enda eru allir a\u00f0 reyna a\u00f0 vinna sem ein st\u00f3r fj\u00f6lskylda. \u00dea\u00f0 er miki\u00f0 af \u00fatlendingum, ekki margir \u00cdslendingar eftir \u00fev\u00ed mi\u00f0ur enda sennilega miki\u00f0 af \u00cdslendingum sem hafa f\u00e6rt sig yfir \u00ed fer\u00f0a\u00fej\u00f3nustuna n\u00fana\u201c segir Michal. \u201e\u00c9g byrja\u00f0i hinsvegar a\u00f0 vinna \u00e1 pallinum og f\u00f3r svo \u00ed flutningask\u00f3la Samskipa og eftir flutningask\u00f3lann f\u00f3r \u00e9g \u00ed v\u00f6ruh\u00fasi\u00f0 og hef svo unni\u00f0 mig upp \u00fear \u2013 \u00e9g held \u00e9g hafi byrja\u00f0 sem verkstj\u00f3ri 2011. Flutningask\u00f3linn var mj\u00f6g gagnlegur og fyrsta verkefni\u00f0 var a\u00f0 l\u00e6ra meiri \u00edslensku \u2013 \u00feetta ver\u00f0ur a\u00f0 vera fyrsta verkefni allra \u00fatlendinga \u00e1 \u00cdslandi finnst m\u00e9r \u2013 l\u00e6ra meiri \u00edslensku. \u00dea\u00f0 munar miklu \u00feegar ma\u00f0ur byrjar a\u00f0 tala. \u00c9g get l\u00edka alveg tala\u00f0 \u00fe\u00fdsku og r\u00fassnesku og \u00fea\u00f0 kemur s\u00e9r stundum vel \u00ed vinnunni.\u201c<\/p>\n<p>Michal segist kunna vel vi\u00f0 f\u00e9lagsl\u00edfi\u00f0 hj\u00e1 Samskip og m\u00e6tir \u00e1 \u00e1rsh\u00e1t\u00ed\u00f0ina me\u00f0 s\u00ednum f\u00e9l\u00f6gum. Eitt er hinsvegar til vandr\u00e6\u00f0a og \u00fea\u00f0, er eins og oft \u00e1\u00f0ur, m\u00f6tuneyti\u00f0 segir Michal um lei\u00f0 og hann s\u00fdnir mynd af s\u00e9r 40 k\u00edl\u00f3um l\u00e9ttari. \u201eMa\u00f0ur \u00feyrfti a\u00f0 vera duglegri a\u00f0 fara \u00ed r\u00e6ktina en ma\u00f0ur hefur veri\u00f0 a\u00f0 vinna miki\u00f0 til a\u00f0 safna s\u00e9r fyrir \u00edb\u00fa\u00f0 og n\u00fana er ma\u00f0ur a\u00f0 sp\u00e1 \u00ed annan b\u00edl og \u00fe\u00e1 vinnur ma\u00f0ur frekar en a\u00f0 fara \u00ed r\u00e6ktina. Vi\u00f0 erum \u00ed Brei\u00f0holti og keyptum fyrir tveimur \u00e1rum s\u00ed\u00f0an en \u00fea\u00f0 getur veri\u00f0 erfitt fyrir \u00fatlendinga a\u00f0 kaupa s\u00e9r \u00edb\u00fa\u00f0 h\u00e9rna, reyndar er \u00fea\u00f0 erfitt fyrir alla held \u00e9g, en vi\u00f0 vorum heppin.\u201c<\/p>\n<p><strong>Allt \u00e1 r\u00e9ttri lei\u00f0<\/strong><br \/>\u201eEn annars er miki\u00f0 l\u00edf h\u00e9rna n\u00fana. \u00deegar \u00e9g kom 2006 \u00fe\u00e1 var miki\u00f0 vi\u00f0 a\u00f0 vera og svo datt \u00feetta d\u00e1l\u00edti\u00f0 ni\u00f0ur \u00ed kringum kreppuna en \u00e9g held a\u00f0 \u00feetta s\u00e9 a\u00f0 koma n\u00fana aftur. \u00dea\u00f0 eru fleiri vi\u00f0bur\u00f0ir me\u00f0 starfsf\u00f3lki og  m\u00e9r finnst bara fr\u00e1b\u00e6rt a\u00f0 vinna h\u00e9rna. \u00dea\u00f0 er au\u00f0vita\u00f0 alltaf h\u00e6gt a\u00f0 laga og b\u00e6ta og vi\u00f0 erum gera \u00fea\u00f0. Vi\u00f0 finnum l\u00edka a\u00f0 vi\u00f0 erum a\u00f0 \u00fej\u00f3nusta vi\u00f0skiptavini betur me\u00f0 n\u00fdja siglingakerfinu. \u00dea\u00f0 munar rosalega um a\u00f0 geta flutt v\u00f6ru \u00e1 \u00feremur d\u00f6gum \u00ed sta\u00f0inn fyrir sj\u00f6. \u00deannig a\u00f0 \u00feetta er allt \u00e1 r\u00e9ttri lei\u00f0\u201c segir Michal.<\/p>\n<\/p>\n<p><strong>Moved from Poland to<br \/>\nIceland 12 years ago to avoid the stress<\/strong><\/p>\n<p>Michal Czerwonka was born in Poland and came to Iceland from<br \/>\na small town, about 30 miles from Lublin or 180 miles directly to the south of<br \/>\nWarsaw. Michal is a warehouse manager and has worked for Samskip for over<br \/>\ntwelve years. <\/p>\n<p>&#8220;I am married to a Polish woman and we have three<br \/>\nchildren, a 17-year-old girl, a 16-year-old boy and another six-year-old boy<br \/>\nwho just started primary school and was born in Iceland. I came to Iceland to<br \/>\nlook for a better life and a better job. I had worked in Germany for one year and<br \/>\nhad an aunt in Iceland who suggested that we would try to come to Iceland. I<br \/>\ncame a year ahead of my family. Times were bad in Poland at that time &#8211; it was<br \/>\nhard to get work and the pay was low and therefore hard to live off of our wages<br \/>\neven though we were both working, \u201dsays Michal. It is common in Poland that<br \/>\ncontracts with workers are only extended a week at a time, which is a major<br \/>\nstress factor for Polish families.<\/p>\n<p><strong>So much stress that<br \/>\npeople don\u2018t even stop for pedestrians<\/strong><\/p>\n<p>Asked if the weather in Iceland has not disturbed Michal, he<br \/>\njust smiles and says \u201cno no. You just stay inside the house and the weather<br \/>\ndoesn&#8217;t matter. When I moved here to Iceland the first thing I noticed was how<br \/>\nquiet Icelanders are. No one is screaming here and the time pressure is not as<br \/>\ngreat as in Poland. Here, just about everyone is happy if you are efficient. If<br \/>\nyou got a good job in Poland, you had to show more and more. There are really<br \/>\nhigh demands on people and a lot of stress and I&#8217;m not just talking about work.<br \/>\nThis can be seen on the streets of Poland. No one stops for pedestrians,<br \/>\neveryone is in a hurry. In Iceland, you see cars stopping for people at a<br \/>\npedestrian crossing and there is much more courtesy here. I think this is<br \/>\nrelated to Polish culture, but then I don&#8217;t know it as much as many other<br \/>\nPoles, because I was only three years in the labor market in Poland before I<br \/>\ncame to Iceland. In fact, I noticed this in Germany too. When there is a green<br \/>\nlight for pedestrians I have taught my boy that he must watch the cars<br \/>\ncarefully since they don\u2018t stop although it is a green light for pedestrians.<br \/>\nIt&#8217;s called something in Polish, but I don&#8217;t remember what. &#8220;<\/p>\n<p><strong>Interested in<br \/>\nfootball <\/strong><\/p>\n<p>&#8220;When Poland was admitted to the EU and Schengen it<br \/>\nchanged a lot for us in Poland. In 2005-2006 the Poles came to Iceland to a<br \/>\ngreater extent, but it has increased even greater. We have a good Polish<br \/>\ncommunity in Iceland. We watch for example football together and we rent a<br \/>\nplace to play football during winter time. In the summer we play outside. I am<br \/>\na goalkeeper myself and I watch Polish players in foreign teams like Juventus,<br \/>\nAC Milan and Bayern Munich \u2013 I don&#8217;t watch the English football as much as most<br \/>\npeople here in Iceland. We occasionally go to \u00d6lver bar to watch the match. So<br \/>\nit&#8217;s not just the co-workers but also friends that I have outside of work.<br \/>\n&#8220;<\/p>\n<p>Michal likes Iceland and the family is settled here.<br \/>\n&#8220;My wife has a brother who is also working in Iceland and we have a small<br \/>\nfamily here. However, we always try to go to Poland during our summer vacations<br \/>\nto meet mom and dad and the family &#8211; we try to get up to six weeks off. &#8220;<\/p>\n<p>&#8220;I love to go camping, but we haven&#8217;t done much of that<br \/>\nin Iceland now,&#8221; says Michal, laughing. &#8220;But we go to the cottage a<br \/>\nlot, especially the one that Samskip owns. We have also travelled all over<br \/>\nIceland. We have driven around Iceland three times and we have explored the<br \/>\nwhole country apart from the Westman Islands. I like H\u00fasav\u00edk and Dj\u00fapavogur and<br \/>\nit is great fun to travel around the Westfjords. Egilssta\u00f0ir and Sey\u00f0isfj\u00f6r\u00f0ur are<br \/>\nalso beautiful. There are many beautiful things in Iceland for foreigners &#8211; the<br \/>\nonly thing I do not think is nice to drive from Keflavik to Reykjavik. The \u00a0view everywhere else in Iceland is stunning. Well<br \/>\nit is actually not very exciting to drive to Akureyri either. But the other way<br \/>\nis very beautiful, east.<\/p>\n<p><strong>Learned a lot at<br \/>\nSamskip Transport School<\/strong><\/p>\n<p>&#8220;I work as a foreman in a warehouse and in hosting we<br \/>\nare two, a loss manager and a receptionist and we actually mix this up a little<br \/>\nbit because we both work both jobs. Reception and collection workers do this<br \/>\ntoo, as everyone is trying to work as one big family. There are a lot of<br \/>\nforeigners, not many Icelanders, unfortunately, probably a lot of Icelanders<br \/>\nwho have moved into tourism now, \u201dsays Michal. &#8220;However, I started working<br \/>\non the platform and then went to the Samskip transport school and after the<br \/>\ntransport school I went to the warehouse and have worked my way up there &#8211; I<br \/>\nthink I started as foreman in 2011. The transport school was very useful and<br \/>\nthe first project was to learn more Icelandic &#8211; this must be the first project<br \/>\nof all foreigners who move to Iceland I think \u2013 to learn more Icelandic. It<br \/>\nmakes a lot of difference when you start speaking. I can also speak German and<br \/>\nRussian quite well and it sometimes comes in handy at work. &#8220;<\/p>\n<p>Michal says he is very familiar with Samskip&#8217;s social life<br \/>\nand attends the annual festival with his friends. One problem, however, is<br \/>\nthat, as is often the case, the canteen says Michal while showing a picture of<br \/>\nhimself 40 kilos lighter. &#8220;I should go more often to the gym, but I have<br \/>\nbeen working a lot to save up for an apartment and now we are thinking of<br \/>\nbuying another car. Therefore I would rather work than go to the gym. We live<br \/>\nin Brei\u00f0holt and bought an apartment there two years ago, but it can be<br \/>\ndifficult for foreigners to buy an apartment here, actually it is difficult for<br \/>\neveryone, I think, but we were lucky. &#8220;<\/p>\n<p><strong>Everything is on the<br \/>\nright track<\/strong><\/p>\n<p>&#8220;There is a lot happening now. I just think it&#8217;s great to work here. Of course, it is always possible to fix and improve and we are doing it. We also find that we are serving customers better with the new navigation system. It is very different from being able to ship a product in three days instead of seven. So this is all on the right track, \u201dsays Michal.<\/p>\n","protected":false},"excerpt":{"rendered":"<p>Vi\u00f0 \u00e6tlum a\u00f0eins a\u00f0 l\u00edta bak vi\u00f0 tj\u00f6ldin og kynnast Michal Czerwonka sem er f\u00e6ddur \u00ed P\u00f3llandi og kom til \u00cdslands fr\u00e1 litlum b\u00e6, um 30 k\u00edl\u00f3metra fr\u00e1 Lublin e\u00f0a [&hellip;]<\/p>\n","protected":false},"author":14,"featured_media":950739873,"comment_status":"closed","ping_status":"closed","sticky":false,"template":"","format":"standard","meta":{"_acf_changed":false,"footnotes":""},"categories":[32],"tags":[],"class_list":["post-259690090","post","type-post","status-publish","format-standard","has-post-thumbnail","hentry","category-frettir"],"acf":[],"_links":{"self":[{"href":"https:\/\/www.samskip.is\/en\/wp-json\/wp\/v2\/posts\/259690090","targetHints":{"allow":["GET"]}}],"collection":[{"href":"https:\/\/www.samskip.is\/en\/wp-json\/wp\/v2\/posts"}],"about":[{"href":"https:\/\/www.samskip.is\/en\/wp-json\/wp\/v2\/types\/post"}],"author":[{"embeddable":true,"href":"https:\/\/www.samskip.is\/en\/wp-json\/wp\/v2\/users\/14"}],"replies":[{"embeddable":true,"href":"https:\/\/www.samskip.is\/en\/wp-json\/wp\/v2\/comments?post=259690090"}],"version-history":[{"count":0,"href":"https:\/\/www.samskip.is\/en\/wp-json\/wp\/v2\/posts\/259690090\/revisions"}],"wp:featuredmedia":[{"embeddable":true,"href":"https:\/\/www.samskip.is\/en\/wp-json\/"}],"wp:attachment":[{"href":"https:\/\/www.samskip.is\/en\/wp-json\/wp\/v2\/media?parent=259690090"}],"wp:term":[{"taxonomy":"category","embeddable":true,"href":"https:\/\/www.samskip.is\/en\/wp-json\/wp\/v2\/categories?post=259690090"},{"taxonomy":"post_tag","embeddable":true,"href":"https:\/\/www.samskip.is\/en\/wp-json\/wp\/v2\/tags?post=259690090"}],"curies":[{"name":"wp","href":"https:\/\/api.w.org\/{rel}","templated":true}]}}