{"id":296409482,"date":"2020-04-03T14:03:46","date_gmt":"2020-04-03T14:03:46","guid":{"rendered":"https:\/\/en.samskip.webdev.is\/?p=296409482"},"modified":"2020-04-03T14:03:46","modified_gmt":"2020-04-03T14:03:46","slug":"samskip-breyta-innanlandskerfi-sinu-timabundid","status":"publish","type":"post","link":"https:\/\/www.samskip.is\/en\/blog\/2020\/04\/03\/samskip-breyta-innanlandskerfi-sinu-timabundid\/","title":{"rendered":"Samskip breyta innanlandskerfi s\u00ednu t\u00edmabundi\u00f0"},"content":{"rendered":"<p><strong>T\u00edmabundin breyting \u00ed lj\u00f3si a\u00f0st\u00e6\u00f0na \u00ed \u00fej\u00f3\u00f0f\u00e9laginu\u00a0og ver\u00f0ur endursko\u00f0u\u00f0 \u00ed lok ma\u00ed.\u00a0<\/strong>\u00a0<\/p>\n<p>\u00cd lj\u00f3si a\u00f0st\u00e6\u00f0na sem hafa skapast \u00ed \u00fej\u00f3\u00f0f\u00e9laginu \u00ed kj\u00f6lfar Covid19 ver\u00f0ur ger\u00f0 t\u00edmabundin breyting \u00e1 innanlandskerfi Samskipa.\u00a0\u00deessi breyting tekur gildi m\u00e1nudaginn 6. apr\u00edl.\u00a0\u00a0<\/p>\n<p><strong>Opnunart\u00edm<\/strong><strong>a og breytingar \u00e1 \u00e1\u00e6tlun m\u00e1 sj\u00e1 h\u00e9r a\u00f0 ne\u00f0an.<\/strong>\u00a0<\/p>\n<p><strong>Egilssta\u00f0ir\/Rey\u00f0arfj\u00f6r\u00f0ur\u202f\u00a0<\/strong><\/p>\n<p><strong>Afgrei\u00f0sla opnunart\u00edmi\u00a0:<\/strong>\u00a0<\/p>\n<p>M\u00e1nudag\u00a0:\u00a012-16\u00a0\u00a0<\/p>\n<p>\u00deri\u00f0judag \u2013 f\u00f6studag\u00a0:\u00a010-16\u202f\u00a0<\/p>\n<p><strong>Breyting \u00e1 \u00e1\u00e6tlun :\u00a0<\/strong>\u00a0<\/p>\n<p>M\u00e1nudag eki\u00f0 fr\u00e1 Egilst\u00f6\u00f0um \u00e1 Sey\u00f0isfj\u00f6r\u00f0 kl.13:00\u00a0<\/p>\n<p>A\u00f0ra virka daga kl. 10:00\u00a0<\/p>\n<p>Eki\u00f0 er fr\u00e1\u00a0Rey\u00f0arfir\u00f0i\u00a0til\u00a0Neskaupsta\u00f0ar, Eskifjar\u00f0ar\u00a0og\u00a0F\u00e1skr\u00fa\u00f0sfjar\u00f0ar\u00a0kl.13:00 \u00e1 m\u00e1nud\u00f6gum og kl. 10 a\u00f0ra virka daga.\u00a0\u00a0<\/p>\n<p><strong>Selfoss\u202f<\/strong>\u00a0<\/p>\n<p><strong>Afgrei\u00f0sla opnunart\u00edmi\u00a0:<\/strong>\u00a0<\/p>\n<p>M\u00e1nudag\u00a0\u00a0:\u00a012-16\u00a0\u00a0<\/p>\n<p>\u00deri\u00f0judag \u2013 f\u00f6studag :\u00a09-16\u00a0<\/p>\n<p>Endurvinnslan opin laugardaga kl.10-14 og m\u00e1nudaga\u202fkl.\u202f08-12\u202f\u00a0<\/p>\n<p><strong>Breyting \u00e1 \u00e1\u00e6tlun:<\/strong>\u00a0<\/p>\n<p>Eki\u00f0 ver\u00f0ur\u00a0\u00e1\u00a0m\u00e1nud\u00f6gum kl. 13, a\u00f0ra virka daga kl. 9 og\u00a0\u00a014.\u00a0<\/p>\n<p>Eki\u00f0 ver\u00f0ur \u00e1\u00a0\u00deorl\u00e1ksh\u00f6fn\u00a0\u00e1 \u00feri\u00f0jud\u00f6gum \u2013\u00a0f\u00f6studags\u00a0\u00a0kl.14 fr\u00e1 Reykjav\u00edk.\u00a0\u00a0<\/p>\n<p>Eki\u00f0 ver\u00f0ur til\u00a0Hverager\u00f0is\u00a0\u00a0\u00feri\u00f0judaga, fimmtudaga og f\u00f6studaga kl. 11 fr\u00e1 Selfossi\u00a0<\/p>\n<p>Eki\u00f0 ver\u00f0ur \u00e1 Eyrarbakka og Stokkseyri \u00e1\u00a0\u00feri\u00f0jud\u00f6gum og f\u00f6stud\u00f6gum kl. 11 fr\u00e1 Selfossi.\u00a0\u00a0<\/p>\n<p>Eki\u00f0 ver\u00f0ur fr\u00e1\u00a0Reykjav\u00edk\u00a0til\u00a0\u00c1rness\u00fdsla \u00feri, fim, f\u00f6s\u00a0kl. 09:00.\u202f\u00a0<\/p>\n<p>Eki\u00f0 ver\u00f0ur fr\u00e1 Reykjav\u00edk \u2013 Hellu kl. 17:00 alla virka daga.\u00a0\u00a0<\/p>\n<p>Eki\u00f0 ver\u00f0ur fr\u00e1 Reykjav\u00edk \u2013\u00a0Rang\u00e1rvallas\u00fdslu\/ V\u00edk og\u00a0Kirkjub\u00e6jarklausturs\u00a0kl. 17 \u00e1 f\u00f6stud\u00f6gum og mi\u00f0vikud\u00f6gum me\u00f0 afhendingu n\u00e6sta virka dag\u00a0\u00e1 eftir.\u00a0\u00a0<\/p>\n<p><strong>Vestmannaeyjar\u202f<\/strong>\u00a0<\/p>\n<p><strong>Afgrei\u00f0sla opnunart\u00edmi<\/strong><strong>:<\/strong>\u00a0<\/p>\n<p>M\u00e1nudag\u00a0&#8211; f\u00f6studaga kl. 8-16\u00a0<\/p>\n<p><strong>Breyting \u00e1 \u00e1\u00e6tlun:<\/strong>\u00a0<\/p>\n<p>Eki\u00f0 ver\u00f0ur \u00feri\u00f0judaga &#8211; f\u00f6studaga fr\u00e1\u00a0Reykjav\u00edk kl. 10 <\/p>\n<p><strong>Akureyri\u202f<\/strong>\u00a0<\/p>\n<p><strong>Afgrei\u00f0sla opnunart\u00edmi:<\/strong>\u00a0<\/p>\n<p>Alla virka daga\u00a0kl. 8:00 \u2013\u00a015:00\u00a0\u00a0\u00a0<\/p>\n<p><strong>Breyting \u00e1 \u00e1\u00e6tlun:<\/strong>\u202f\u00a0<\/p>\n<p>Eki\u00f0 ver\u00f0ur fr\u00e1 Akureyri &#8211;\u00a0H\u00fasav\u00edk m\u00e1nudaga \u2013 fimmtudag kl. 08:30\u00a0<\/p>\n<p><strong>Dalv\u00edk\u202f<\/strong>\u00a0<\/p>\n<p><strong>Afgrei\u00f0sla opnunart\u00edmi:<\/strong>\u00a0<\/p>\n<p>M\u00e1nudaga,\u00a0mi\u00f0vikudaga og f\u00f6studaga 8-14\u202f\u00a0<\/p>\n<p>\u00deri\u00f0judaga\u00a0&amp;\u00a0fimmtudaga 9-15\u202f\u00a0<br \/>\u202f\u00a0<\/p>\n<p><strong>\u00de\u00f3rsh\u00f6fn\u202f<\/strong>\u00a0<\/p>\n<p><strong>Afgrei\u00f0sla opnunart\u00edmi<\/strong><strong>:<\/strong>\u00a0<\/p>\n<p>\u00deri\u00f0judagar, fimmtudagar og f\u00f6studagar: 11-16:30\u202f\u00a0<\/p>\n<p>M\u00e1nudagar og mi\u00f0vikudagar: 12-16:30\u202f\u202f\u00a0<\/p>\n","protected":false},"excerpt":{"rendered":"<p>T\u00edmabundin breyting \u00ed lj\u00f3si a\u00f0st\u00e6\u00f0na \u00ed \u00fej\u00f3\u00f0f\u00e9laginu\u00a0og ver\u00f0ur endursko\u00f0u\u00f0 \u00ed lok ma\u00ed.\u00a0\u00a0 \u00cd lj\u00f3si a\u00f0st\u00e6\u00f0na sem hafa skapast \u00ed \u00fej\u00f3\u00f0f\u00e9laginu \u00ed kj\u00f6lfar Covid19 ver\u00f0ur ger\u00f0 t\u00edmabundin breyting \u00e1 innanlandskerfi Samskipa.\u00a0\u00deessi [&hellip;]<\/p>\n","protected":false},"author":14,"featured_media":1053012720,"comment_status":"closed","ping_status":"closed","sticky":false,"template":"","format":"standard","meta":{"_acf_changed":false,"footnotes":""},"categories":[32],"tags":[],"class_list":["post-296409482","post","type-post","status-publish","format-standard","has-post-thumbnail","hentry","category-frettir"],"acf":[],"_links":{"self":[{"href":"https:\/\/www.samskip.is\/en\/wp-json\/wp\/v2\/posts\/296409482","targetHints":{"allow":["GET"]}}],"collection":[{"href":"https:\/\/www.samskip.is\/en\/wp-json\/wp\/v2\/posts"}],"about":[{"href":"https:\/\/www.samskip.is\/en\/wp-json\/wp\/v2\/types\/post"}],"author":[{"embeddable":true,"href":"https:\/\/www.samskip.is\/en\/wp-json\/wp\/v2\/users\/14"}],"replies":[{"embeddable":true,"href":"https:\/\/www.samskip.is\/en\/wp-json\/wp\/v2\/comments?post=296409482"}],"version-history":[{"count":0,"href":"https:\/\/www.samskip.is\/en\/wp-json\/wp\/v2\/posts\/296409482\/revisions"}],"wp:featuredmedia":[{"embeddable":true,"href":"https:\/\/www.samskip.is\/en\/wp-json\/"}],"wp:attachment":[{"href":"https:\/\/www.samskip.is\/en\/wp-json\/wp\/v2\/media?parent=296409482"}],"wp:term":[{"taxonomy":"category","embeddable":true,"href":"https:\/\/www.samskip.is\/en\/wp-json\/wp\/v2\/categories?post=296409482"},{"taxonomy":"post_tag","embeddable":true,"href":"https:\/\/www.samskip.is\/en\/wp-json\/wp\/v2\/tags?post=296409482"}],"curies":[{"name":"wp","href":"https:\/\/api.w.org\/{rel}","templated":true}]}}