{"id":297941803,"date":"2019-03-28T00:00:00","date_gmt":"2019-03-28T00:00:00","guid":{"rendered":"https:\/\/en.samskip.webdev.is\/?p=297941803"},"modified":"2019-03-28T00:00:00","modified_gmt":"2019-03-28T00:00:00","slug":"hb-grandi-og-nordanfiskur-stiga-vistvaen-skref-med-islenska-gamafelaginu-og-samskipum","status":"publish","type":"post","link":"https:\/\/www.samskip.is\/en\/blog\/2019\/03\/28\/hb-grandi-og-nordanfiskur-stiga-vistvaen-skref-med-islenska-gamafelaginu-og-samskipum\/","title":{"rendered":"HB Grandi og Nor\u00f0anfiskur st\u00edga vistv\u00e6n skref me\u00f0 \u00cdslenska g\u00e1maf\u00e9laginu og Samskipum"},"content":{"rendered":"<p>Verkefni\u00f0 byggir<br \/>\n\u00e1 frau\u00f0pressuv\u00e9l sem sta\u00f0sett er \u00ed Kistunni, sorpflokkunarst\u00f6\u00f0 HB Granda \u00e1<br \/>\nAkranesi, en f\u00e9lagi\u00f0 rekur s\u00ednar eigin sorpflokkunarst\u00f6\u00f0var \u00e1 \u00f6llum \u00feremur<br \/>\nstarfsst\u00f6\u00f0um f\u00e9lagsins, \u00ed Reykjav\u00edk, \u00e1 Akranesi og Vopnafir\u00f0i. Pressuv\u00e9lin<br \/>\nminnkar umm\u00e1l fiskikassanna um 95% og me\u00f0 \u00fev\u00ed gefst t\u00e6kif\u00e6ri til \u00feess a\u00f0 flytja<br \/>\nplasti\u00f0 til endurvinnslu erlendis.<\/p>\n<p>\u00c1<br \/>\numhverfiss\u00fdningu \u00ed Munchen s\u00ed\u00f0sta vor komst HB Grandi, \u00e1samt \u00cdslenska<br \/>\ng\u00e1maf\u00e9laginu,\u00a0\u00ed kynni vi\u00f0 k\u00ednverskt fyrirt\u00e6ki sem haf\u00f0i \u00e1huga \u00e1 \u00fev\u00ed<br \/>\na\u00f0\u00a0kaupa allt frau\u00f0plast sem til f\u00e9lli \u00ed\u00a0starfsemi<br \/>\nf\u00e9lagsins.\u00a0Me\u00f0 samstarfi HB Granda, Nor\u00f0anfisks, \u00cdslenska g\u00e1maf\u00e9lagsins og<br \/>\nSamskipa ver\u00f0ur fluttur \u00fat \u00ed dag fyrsti g\u00e1murinn me\u00f0 7 tonnum af\u00a0pressu\u00f0u<br \/>\nfrau\u00f0plasti, til Malas\u00edu, \u00fear sem efni\u00f0 ver\u00f0ur nota\u00f0 til a\u00f0 framlei\u00f0a me\u00f0al<br \/>\nannars mynda- og speglaramma.<\/p>\n<p>Me\u00f0 \u00feessu verkefni er lag\u00f0ur grunnur a\u00f0 raunh\u00e6fri lausn til a\u00f0 endurn\u00fdta \u00fargang<br \/>\nog skapa ver\u00f0m\u00e6ti. Markmi\u00f0 allra \u00feriggja fyrirt\u00e6kjanna er a\u00f0 vera lei\u00f0andi \u00ed<br \/>\numhverfism\u00e1lum. <\/p>\n<p>\u00deetta er eitt af fj\u00f6lm\u00f6rgum verkefnum sem hafa veri\u00f0 \u00ed gangi<br \/>\nhj\u00e1 HB Granda sem sn\u00faa a\u00f0 umhverfism\u00e1lum. \u00d6nnur samf\u00e9lagssk\u00fdrsla HB<br \/>\nGranda ver\u00f0ur gefin \u00fat 29.mars \u00fear sem fjalla\u00f0 er um \u00fatflutning \u00e1 frau\u00f0plasti<br \/>\nog fj\u00f6lm\u00f6rg \u00f6nnur umhverfis og samf\u00e9lagstengd verkefni. A\u00f0 m\u00f6rgu er a\u00f0 hyggja \u00ed<br \/>\n\u00feessum efnum og mikilv\u00e6gt a\u00f0 vera vakandi fyrir \u00e1hugaver\u00f0um t\u00e6kif\u00e6rum sem geta<br \/>\ndregi\u00f0 \u00far kolefnisf\u00f3tspori fyrirt\u00e6kja.<\/p>\n<p>Markmi\u00f0 \u00cdslenska<br \/>\nG\u00e1maf\u00e9lagsins er a\u00f0 vera lei\u00f0andi \u00e1 svi\u00f0i umhverfism\u00e1la \u00ed sorphir\u00f0u,<br \/>\nendurvinnslu og endurn\u00fdtingu. F\u00e9lagi\u00f0 b\u00fd\u00f0ur snjalla hugb\u00fana\u00f0art\u00e6knilausn sem<br \/>\nau\u00f0veldar fyrirt\u00e6kjum og stofnunum a\u00f0 umhverfisv\u00e6\u00f0a og rafv\u00e6\u00f0a \u00ed raunt\u00edma allar<br \/>\nskr\u00e1ningar sorps og endurvinnslu hr\u00e1efna.<\/p>\n<p>Samskip hafa marka\u00f0 sk\u00fdra<br \/>\nstefnu \u00ed umhverfism\u00e1lum, ekki a\u00f0eins \u00ed samr\u00e6mi vi\u00f0 samf\u00e9lagslega \u00e1byrga<br \/>\nstarfsh\u00e6tti f\u00e9lagsins heldur gengur vi\u00f0skiptam\u00f3del f\u00e9lagsins enn lengra en<br \/>\nkr\u00f6fur samf\u00e9lagsins gera.<\/p>\n<p>Samskip og HB Grandi eru f\u00e9lagar \u00ed Festu &#8211; mi\u00f0st\u00f6\u00f0<br \/>\num samf\u00e9lags\u00e1byrg\u00f0. Jafnframt er Samskip einn af stofnendum Votlendissj\u00f3\u00f0sins<br \/>\nen einna mikilv\u00e6gasti \u00fe\u00e1tturinn \u00ed umhverfism\u00e1lum Samskipa eru fj\u00f6l\u00fe\u00e1tta flutningar.\n<\/p>\n<p>\u00a0<\/p>\n<p>Fr\u00e1 undirritun samningsins fr\u00e1 vinstri: Birkir H\u00f3lm<br \/>\nGu\u00f0nason, forstj\u00f3ri Samskipa, Sigurj\u00f3n G\u00edsli J\u00f3nsson, framkv\u00e6mdastj\u00f3ri<br \/>\nNor\u00f0anfisks og J\u00f3n \u00de\u00f3rir Franzson, forstj\u00f3ri \u00cdslenska g\u00e1maf\u00e9lagsins.<\/p>\n<p>\u00a0<\/p>\n","protected":false},"excerpt":{"rendered":"<p>Verkefni\u00f0 byggir \u00e1 frau\u00f0pressuv\u00e9l sem sta\u00f0sett er \u00ed Kistunni, sorpflokkunarst\u00f6\u00f0 HB Granda \u00e1 Akranesi, en f\u00e9lagi\u00f0 rekur s\u00ednar eigin sorpflokkunarst\u00f6\u00f0var \u00e1 \u00f6llum \u00feremur starfsst\u00f6\u00f0um f\u00e9lagsins, \u00ed Reykjav\u00edk, \u00e1 Akranesi og [&hellip;]<\/p>\n","protected":false},"author":14,"featured_media":1159215611,"comment_status":"closed","ping_status":"closed","sticky":false,"template":"","format":"standard","meta":{"_acf_changed":false,"footnotes":""},"categories":[32],"tags":[],"class_list":["post-297941803","post","type-post","status-publish","format-standard","has-post-thumbnail","hentry","category-frettir"],"acf":[],"_links":{"self":[{"href":"https:\/\/www.samskip.is\/en\/wp-json\/wp\/v2\/posts\/297941803","targetHints":{"allow":["GET"]}}],"collection":[{"href":"https:\/\/www.samskip.is\/en\/wp-json\/wp\/v2\/posts"}],"about":[{"href":"https:\/\/www.samskip.is\/en\/wp-json\/wp\/v2\/types\/post"}],"author":[{"embeddable":true,"href":"https:\/\/www.samskip.is\/en\/wp-json\/wp\/v2\/users\/14"}],"replies":[{"embeddable":true,"href":"https:\/\/www.samskip.is\/en\/wp-json\/wp\/v2\/comments?post=297941803"}],"version-history":[{"count":0,"href":"https:\/\/www.samskip.is\/en\/wp-json\/wp\/v2\/posts\/297941803\/revisions"}],"wp:featuredmedia":[{"embeddable":true,"href":"https:\/\/www.samskip.is\/en\/wp-json\/"}],"wp:attachment":[{"href":"https:\/\/www.samskip.is\/en\/wp-json\/wp\/v2\/media?parent=297941803"}],"wp:term":[{"taxonomy":"category","embeddable":true,"href":"https:\/\/www.samskip.is\/en\/wp-json\/wp\/v2\/categories?post=297941803"},{"taxonomy":"post_tag","embeddable":true,"href":"https:\/\/www.samskip.is\/en\/wp-json\/wp\/v2\/tags?post=297941803"}],"curies":[{"name":"wp","href":"https:\/\/api.w.org\/{rel}","templated":true}]}}