{"id":379650808,"date":"2020-03-11T11:36:48","date_gmt":"2020-03-11T11:36:48","guid":{"rendered":"https:\/\/en.samskip.webdev.is\/?p=379650808"},"modified":"2020-03-11T11:36:48","modified_gmt":"2020-03-11T11:36:48","slug":"samfelagsabyrgd-er-leidarstefid","status":"publish","type":"post","link":"https:\/\/www.samskip.is\/en\/blog\/2020\/03\/11\/samfelagsabyrgd-er-leidarstefid\/","title":{"rendered":"Samf\u00e9lags\u00e1byrg\u00f0 er lei\u00f0arstefi\u00f0"},"content":{"rendered":"<\/p>\n<p>Fjalla\u00f0 var um a\u00f0ger\u00f0ir og n\u00e1lgun Samskipa \u00e1 svi\u00f0i<br \/>\nsamf\u00e9lags\u00e1byr\u00f0ar \u00ed aukabla\u00f0i Fr\u00e9ttabla\u00f0sins 28. febr\u00faar s\u00ed\u00f0astli\u00f0inn. Fram<br \/>\nkemur \u00ed umfj\u00f6lluninni a\u00f0 Samskip eru lei\u00f0andi \u00ed a\u00f0ger\u00f0um sem draga \u00far<br \/>\norkunotkun og minnka umhverfisf\u00f3tspor og a\u00f0 \u00ed mannau\u00f0sm\u00e1lum hafi fyrirt\u00e6ki\u00f0<br \/>\nl\u00edka a\u00f0 lei\u00f0arlj\u00f3si gildi jafnr\u00e9ttis og j\u00e1kv\u00e6\u00f0ra samskipta. Texti<br \/>\numfj\u00f6llunarinnar fer h\u00e9r \u00e1 eftir.<\/p>\n<p>\u00d3v\u00edst er a\u00f0 allir \u00e1tti sig \u00e1 hversu mikla \u00e1herslu Samskip<br \/>\nleggja \u00e1 samf\u00e9lags\u00e1byrg\u00f0 \u00ed st\u00f6rfum s\u00ednum, en \u00fear undir falla n\u00e1tt\u00farlega b\u00e6\u00f0i<br \/>\na\u00f0ger\u00f0ir \u00ed \u00fe\u00e1gu sj\u00e1lfb\u00e6rni og til m\u00f3tv\u00e6gis vi\u00f0 ska\u00f0leg umhverfis\u00e1hrif og ekki<br \/>\ns\u00ed\u00f0ur mannau\u00f0s- og jafnr\u00e9ttisstefna fyrirt\u00e6kisins,\u201c segir \u00de\u00f3runn Inga<br \/>\nIngjaldsd\u00f3ttir, forst\u00f6\u00f0uma\u00f0ur marka\u00f0s- og samskiptadeildar Samskipa. \u201eMe\u00f0vitund<br \/>\num samf\u00e9lags\u00e1byrg\u00f0 hefur alla t\u00ed\u00f0 veri\u00f0 lei\u00f0arstef \u00ed starfsemi f\u00e9lagsins.\u201c<\/p>\n<p>\u00de\u00f3runn bendir \u00e1 a\u00f0 Samskip beiti s\u00e9r fyrir virkum a\u00f0ger\u00f0um \u00e1<br \/>\nsvi\u00f0i umhverfism\u00e1la, taki \u00fe\u00e1tt \u00ed n\u00fdsk\u00f6pun og \u00fer\u00f3un til a\u00f0 draga \u00far<br \/>\numhverfis\u00e1hrifum og s\u00e9u me\u00f0 fyrstu fyrirt\u00e6kjum til \u00feess a\u00f0 setja s\u00e9r markvissa<br \/>\numhverfisstefnu. \u201e\u00cd hnotskurn er h\u00fan a\u00f0 Samskip stefni a\u00f0 \u00fev\u00ed a\u00f0 vera \u00e1vallt \u00ed<br \/>\nfararbroddi \u00e1 svi\u00f0i umhverfism\u00e1la. Svo fylgir \u00fev\u00ed l\u00edka fj\u00f6l\u00fe\u00e6ttur \u00e1vinningur a\u00f0<br \/>\ndraga \u00far orkunotkun, jafnt fyrir fyrirt\u00e6ki\u00f0 og samf\u00e9lagi\u00f0 \u00ed heild. \u00dea\u00f0 lei\u00f0ir<br \/>\ntil aukinnar hagr\u00e6\u00f0ingar \u00ed starfseminni og minnkar umhverfisf\u00f3tspor<br \/>\nfyrirt\u00e6kisins um lei\u00f0 og dregi\u00f0 er \u00far innflutningi \u00e1 eldsneyti og s\u00f3un \u00e1<br \/>\norkuau\u00f0lindum heimsins. Orkusparandi a\u00f0ger\u00f0ir tikka \u00ed \u00f6ll boxin.\u201c<\/p>\n<p><strong>G\u00f3\u00f0ur starfsandi<\/strong><\/p>\n<p>Mannau\u00f0sstefnan kristallist svo \u00ed kj\u00f6ror\u00f0i f\u00e9lagsins um a\u00f0<br \/>\n\u00fea\u00f0 s\u00e9 gott a\u00f0 vinna hj\u00e1 Samskipum. \u201eG\u00f3\u00f0ur starfsandi skiptir h\u00f6fu\u00f0m\u00e1li, enda<br \/>\neykur j\u00e1kv\u00e6tt vi\u00f0horf starfsf\u00f3lks starfs\u00e1n\u00e6gju og gle\u00f0i \u00e1 vinnusta\u00f0num og vi\u00f0<br \/>\nleggjum \u00e1herslu \u00e1 j\u00e1kv\u00e6\u00f0 og uppbyggjandi samskipti og jafnr\u00e6\u00f0i \u00e1 me\u00f0al starfsmanna,<br \/>\n\u00f3h\u00e1\u00f0 kyni, uppruna e\u00f0a tr\u00faarbr\u00f6g\u00f0um.\u201c Samskip hafa l\u00edka skrifa\u00f0 undir s\u00e1ttm\u00e1la<br \/>\ngegn einelti, \u00e1reitni og ofbeldi.<\/p>\n<p>\u00deetta eru meira en or\u00f0 \u00e1 bla\u00f0i og markmi\u00f0unum fylgt eftir.<br \/>\nF\u00e9lagi\u00f0 hefur innleitt hj\u00e1 s\u00e9r jafnlaunakerfi og jafnr\u00e9ttisstefnu sem n\u00e6r til allra<br \/>\nstarfsmanna \u00e1 \u00cdslandi. \u201e\u00deetta er \u00ed anda \u00feess samf\u00e9lags sem \u00cdslendingar hafa<br \/>\nsamm\u00e6lst um a\u00f0 byggja upp, \u00fear sem jafn r\u00e9ttur einstaklinga er \u00ed fyrirr\u00fami,\u201c<br \/>\nsegir \u00de\u00f3runn, en me\u00f0 sk\u00fdrum verklagsramma s\u00e9 leitast vi\u00f0 a\u00f0 tryggja jafnr\u00e9tti<br \/>\nog jafna st\u00f6\u00f0u kynjanna innan fyrirt\u00e6kisins og a\u00f0 starfsmenn hafi j\u00f6fn t\u00e6kif\u00e6ri<br \/>\ntil a\u00f0 n\u00fdta h\u00e6fni s\u00edna \u00ed starfi.<\/p>\n<figure class=\"wp-block-image size-large\"><img decoding=\"async\" alt=\"\" class=\"wp-image-3035\" height=\"600\" src=\"https:\/\/www.samskip.is\/wp-content\/uploads\/sites\/9\/2020\/03\/team-samfelags.jpg\" width=\"900\" \/><figcaption> Kj\u00f6ror\u00f0 Samskipa eru a\u00f0 \u00fea\u00f0 s\u00e9 gott a\u00f0 vinna hj\u00e1 fyrirt\u00e6kinu. \u00dear er starfsandinn l\u00edka g\u00f3\u00f0ur og jafn r\u00e9ttur einstaklinga \u00ed fyrirr\u00fami. (Mynd: FR\u00c9TTABLA\u00d0I\u00d0\/VALLI) <\/figcaption><\/figure>\n<p><strong>Samskip \u00ed fararbroddi<\/strong><\/p>\n<p>Hva\u00f0 umhverfism\u00e1l var\u00f0ar hafa Samskip lengi veri\u00f0 \u00ed<br \/>\nfararbroddi og \u00e6tla a\u00f0 halda \u00feeirri st\u00f6\u00f0u. \u201eVi\u00f0 kappkostum a\u00f0 fylgjast vel me\u00f0<br \/>\nallri \u00fer\u00f3un og n\u00fdjungum og setjum okkur sk\u00fdr markmi\u00f0 um \u00e1rangur. Hann m\u00e6lum vi\u00f0<br \/>\nl\u00edka reglulega og tryggjum \u00feannig st\u00f6\u00f0ugar umb\u00e6tur og fram\u00fer\u00f3un.\u201c<\/p>\n<p>\u00de\u00f3runn vi\u00f0urkennir um lei\u00f0 a\u00f0 \u00fea\u00f0 geti veri\u00f0 \u00e1skorun a\u00f0 n\u00e1<br \/>\nsettum markmi\u00f0um, \u00fev\u00ed flutningar \u00e1 sj\u00f3 s\u00e9u \u00ed e\u00f0li s\u00ednu mengandi, \u00fe\u00f3tt<br \/>\nhlutfallst\u00f6lur \u00e1 flutta einingu s\u00e9u margfalt betri en til d\u00e6mis me\u00f0 flugi. \u201eSvo<br \/>\ngeta komi\u00f0 sveiflur \u00ed inn- e\u00f0a \u00fatflutningi sem hafa \u00e1hrif \u00e1 t\u00f6lur um \u00fatbl\u00e1stur<br \/>\n\u00e1 m\u00f3ti hverju fluttu tonni. En markmi\u00f0in halda okkur vi\u00f0 efni\u00f0 og vi\u00f0 vitum a\u00f0<br \/>\nhverju er stefnt, \u00fe.e.a.s. a\u00f0 l\u00e1gmarka neikv\u00e6\u00f0 umhverfis\u00e1hrif fr\u00e1 allri<br \/>\nstarfsemi f\u00e9lagsins.\u201c Fj\u00f6l\u00fe\u00e1tta flutningskerfi Samskipa, sem \u00ed Evr\u00f3pu notist<br \/>\neinnig vi\u00f0 lestir og pramma, auk skipa og flutningab\u00edla, s\u00e9 \u00ed samr\u00e6mi vi\u00f0<br \/>\nmarkmi\u00f0 Evr\u00f3pusambandsins um lei\u00f0ir til a\u00f0 draga \u00far \u00fatbl\u00e6stri fr\u00e1 flutningum.<\/p>\n<p><strong>Hverfa fr\u00e1 plasti og papp\u00edr<\/strong><\/p>\n<p>Samskip m\u00e6la orkunotkun reglulega, n\u00fdta vistv\u00e6na orkugjafa<br \/>\neins og kostur er og leitast vi\u00f0 a\u00f0 halda mengun \u00ed l\u00e1gmarki. Vi\u00f0 val \u00e1 birgjum,<br \/>\nt\u00e6kjum og \u00f6\u00f0rum a\u00f0f\u00f6ngum er svo leitast vi\u00f0 a\u00f0 velja umhverfisv\u00e6na kosti umfram<br \/>\na\u00f0ra. Um \u00ferj\u00fa \u00e1r eru s\u00ed\u00f0an plastm\u00e1l og -fl\u00f6skur voru ger\u00f0ar \u00fatl\u00e6gar hj\u00e1<br \/>\nSamskipum og unni\u00f0 hefur veri\u00f0 markvisst a\u00f0 \u00fev\u00ed a\u00f0 minnka papp\u00edrsnotkun. \u201eFr\u00e1<br \/>\nog me\u00f0 \u00e1ram\u00f3tum h\u00e6ttum vi\u00f0 til d\u00e6mis a\u00f0 taka \u00e1 m\u00f3ti reikningum \u00e1 papp\u00edrsformi<br \/>\nog f\u00e1um \u00fe\u00e1 rafr\u00e6nt \u00ed sta\u00f0inn.\u201c<\/p>\n<p>Eins er markvisst unni\u00f0 a\u00f0 \u00fev\u00ed a\u00f0 draga \u00far matars\u00f3un \u00ed<br \/>\nm\u00f6tuneyti Samskipa og t\u00f6lur birtar \u00e1 hverjum degi um magn afganga til a\u00f0 vekja<br \/>\nf\u00f3lk til umhugsunar. \u201e\u00deetta hefur strax skila\u00f0 \u00e1rangri og f\u00f3lk g\u00e6tir fremur a\u00f0<br \/>\nskammtast\u00e6r\u00f0um til \u00feess a\u00f0 s\u00ed\u00f0ur \u00feurfi a\u00f0 henda afg\u00f6ngum.\u201c<\/p>\n<p>\u00de\u00e1 eiga Samskip \u00ed margv\u00edslegu samstarfi innanlands um<br \/>\na\u00f0ger\u00f0ir til stu\u00f0nings umhverfinu, svo sem vi\u00f0 Brim, Nor\u00f0anfisk og \u00cdslenska<br \/>\ng\u00e1maf\u00e9lagi\u00f0 um endurvinnslu og \u00fatflutning \u00e1 frau\u00f0plasti. Auk \u00feess flytja Samskip<br \/>\nsorp fr\u00e1 \u00cdslenska g\u00e1maf\u00e9laginu sem ekki er h\u00e6gt a\u00f0 endurvinna e\u00f0a endurn\u00fdta h\u00e9r<br \/>\nheima til brennslu \u00ed Evr\u00f3pu. \u201e\u00c1vinningur af \u00fev\u00ed er tv\u00ed\u00fe\u00e6ttur \u00fev\u00ed rusli\u00f0 \u00fearf \u00fe\u00e1<br \/>\nekki a\u00f0 ur\u00f0a h\u00e9r, me\u00f0 tilheyrandi umhverfiss\u00f3\u00f0askap, heldur n\u00fdtist \u00fea\u00f0 til<br \/>\nh\u00fashitunar og raforkuframlei\u00f0slu erlendis sem annars hef\u00f0i veri\u00f0 sta\u00f0i\u00f0 a\u00f0 me\u00f0<br \/>\nbrennslu kola e\u00f0a ol\u00edu.\u201c<\/p>\n<p>Fyrir utan beinar a\u00f0ger\u00f0ir sty\u00f0ja Samskip l\u00edka vi\u00f0 margs<br \/>\nkonar m\u00e1lefni. Til d\u00e6mis eru Samskip stofna\u00f0ilar a\u00f0 Votlendissj\u00f3\u00f0num, \u00fear sem<br \/>\n\u00de\u00f3runn Inga er varama\u00f0ur \u00ed stj\u00f3rn. \u201eStu\u00f0ningur vi\u00f0 sl\u00edk verkefni er hluti af<br \/>\numhverfisstefnu Samskipa, auk beinna a\u00f0ger\u00f0a til a\u00f0 draga \u00far kolefnisf\u00f3tspori<br \/>\nstarfseminnar,\u201c segir \u00de\u00f3runn, en fyrirt\u00e6ki\u00f0 hefur l\u00edka styrkt \u00ed\u00fer\u00f3ttaf\u00e9l\u00f6g,<br \/>\nl\u00edknarf\u00e9l\u00f6g og menningarf\u00e9l\u00f6g af \u00fdmsu tagi. \u201eSl\u00edkar styrkveitingar eru \u00ed<br \/>\nsamr\u00e6mi vi\u00f0 stefnu Samskipa um samf\u00e9lagslega \u00e1byrg\u00f0, enda erum vi\u00f0 \u00f6ll \u00e1 sama<br \/>\nb\u00e1ti \u00feegar a\u00f0 \u00fev\u00ed kemur a\u00f0 byggja gott samf\u00e9lag og hl\u00faa a\u00f0 \u00fev\u00ed sem vel er<br \/>\ngert.\u201c<\/p>\n<p><strong>Margv\u00edslegar a\u00f0ger\u00f0ir<\/strong><\/p>\n<ul class=\"wp-block-list\">\n<li>G\u00e1mar Samskipa eru n\u00fa um<br \/>\n     960 k\u00edl\u00f3um, e\u00f0a 20%, l\u00e9ttari en \u00feeir voru fyrir 20 \u00e1rum sem dregur \u00far<br \/>\n     orkunotkun.<\/li>\n<li>\u00c1ri\u00f0 2015 t\u00f3ku Samskip<br \/>\n     vi\u00f0 rekstri skipanna Kvitnos og Kvitbj\u00f8rn sem brenna flj\u00f3tandi jar\u00f0gasi<br \/>\n     (LNG). Skipin losa ekki k\u00f6fnunarefnisox\u00ed\u00f0, l\u00e1gmarka brennisteinsd\u00edox\u00ed\u00f0 og<br \/>\n     losa 70 pr\u00f3sent minni koltv\u00eds\u00fdring \u00e1 hvert flutt tonn.<\/li>\n<li>Samskip lei\u00f0a<br \/>\n     \u201eSeashuttle\u201c verkefni\u00f0 \u00fear sem \u00ed \u00fer\u00f3un er n\u00e6sta kynsl\u00f3\u00f0 sj\u00e1lfb\u00e6rra<br \/>\n     skipaflutninga \u00e1 styttri sj\u00f3lei\u00f0um, sj\u00e1lfvirk g\u00e1maskip sem gefa ekki fr\u00e1<br \/>\n     s\u00e9r menga\u00f0an \u00fatbl\u00e1stur.<\/li>\n<li>Hj\u00e1 systurfyrirt\u00e6ki\u00f0<br \/>\n     Samskipa \u00ed Rotterdam, FrigoCare, er a\u00f0 finna st\u00e6rsta s\u00f3larorkuver<br \/>\n     borgarinnar, 3.100 s\u00f3larsellur sem \u00feekja 7.500 fermetra. Raforkuframlei\u00f0slan<br \/>\n     nemur raforku\u00fe\u00f6rf um 250 sm\u00e6rri heimila.<\/li>\n<li>Samskip nota<br \/>\n     v\u00f6ruflutningabifrei\u00f0ar sem eru r\u00edkulega b\u00fanar t\u00e6kjum og t\u00f3lum sem mi\u00f0a a\u00f0<br \/>\n     \u00fev\u00ed a\u00f0 auka \u00f6ryggi og tryggja minni \u00fatbl\u00e1stur og eins vistv\u00e6nan flutning<br \/>\n     og v\u00f6l er \u00e1.<\/li>\n<li>\u00devottast\u00f6\u00f0 Samskipa \u00ed<br \/>\n     Reykjav\u00edk fyrir st\u00f3r \u00f6kut\u00e6ki er eins visth\u00e6f og kostur er og notast vi\u00f0<br \/>\n     fr\u00e1rennslisvatn \u00far hitakerfum h\u00f6fu\u00f0st\u00f6\u00f0vanna.<\/li>\n<li>\u00cd fyrra voru Samskip<br \/>\n     tilnefnd til ver\u00f0launa Safety4Sea og Europort \u00ed flokki hreinna flutninga<br \/>\n     fyrir markvissan stu\u00f0ning vi\u00f0 n\u00fdjungar \u00ed sj\u00e1lfb\u00e6rum flutningum me\u00f0<br \/>\n     ranns\u00f3knum, \u00fer\u00f3un, innlei\u00f0ingu t\u00e6knin\u00fdjunga og \u00fej\u00e1lfun.<\/li>\n<\/ul>\n<p>Greinina m\u00e1 einnig sko\u00f0a \u00e1 vef Fr\u00e9ttabla\u00f0sins: <a href=\"https:\/\/www.frettabladid.is\/kynningar\/samfelagsabyrg-er-leiarstefi\/\" target=\"_blank\" rel=\"noopener\">https:\/\/www.frettabladid.is\/kynningar\/samfelagsabyrg-er-leiarstefi\/<\/a> <\/p><\/p>\n","protected":false},"excerpt":{"rendered":"<p>Fjalla\u00f0 var um a\u00f0ger\u00f0ir og n\u00e1lgun Samskipa \u00e1 svi\u00f0i samf\u00e9lags\u00e1byr\u00f0ar \u00ed aukabla\u00f0i Fr\u00e9ttabla\u00f0sins 28. febr\u00faar s\u00ed\u00f0astli\u00f0inn. Fram kemur \u00ed umfj\u00f6lluninni a\u00f0 Samskip eru lei\u00f0andi \u00ed a\u00f0ger\u00f0um sem draga \u00far orkunotkun [&hellip;]<\/p>\n","protected":false},"author":14,"featured_media":1229072549,"comment_status":"closed","ping_status":"closed","sticky":false,"template":"","format":"standard","meta":{"_acf_changed":false,"footnotes":""},"categories":[32],"tags":[],"class_list":["post-379650808","post","type-post","status-publish","format-standard","has-post-thumbnail","hentry","category-frettir"],"acf":[],"_links":{"self":[{"href":"https:\/\/www.samskip.is\/en\/wp-json\/wp\/v2\/posts\/379650808","targetHints":{"allow":["GET"]}}],"collection":[{"href":"https:\/\/www.samskip.is\/en\/wp-json\/wp\/v2\/posts"}],"about":[{"href":"https:\/\/www.samskip.is\/en\/wp-json\/wp\/v2\/types\/post"}],"author":[{"embeddable":true,"href":"https:\/\/www.samskip.is\/en\/wp-json\/wp\/v2\/users\/14"}],"replies":[{"embeddable":true,"href":"https:\/\/www.samskip.is\/en\/wp-json\/wp\/v2\/comments?post=379650808"}],"version-history":[{"count":0,"href":"https:\/\/www.samskip.is\/en\/wp-json\/wp\/v2\/posts\/379650808\/revisions"}],"wp:featuredmedia":[{"embeddable":true,"href":"https:\/\/www.samskip.is\/en\/wp-json\/"}],"wp:attachment":[{"href":"https:\/\/www.samskip.is\/en\/wp-json\/wp\/v2\/media?parent=379650808"}],"wp:term":[{"taxonomy":"category","embeddable":true,"href":"https:\/\/www.samskip.is\/en\/wp-json\/wp\/v2\/categories?post=379650808"},{"taxonomy":"post_tag","embeddable":true,"href":"https:\/\/www.samskip.is\/en\/wp-json\/wp\/v2\/tags?post=379650808"}],"curies":[{"name":"wp","href":"https:\/\/api.w.org\/{rel}","templated":true}]}}