{"id":395907352,"date":"2020-03-13T12:53:32","date_gmt":"2020-03-13T12:53:32","guid":{"rendered":"https:\/\/en.samskip.webdev.is\/?p=395907352"},"modified":"2020-03-13T12:53:32","modified_gmt":"2020-03-13T12:53:32","slug":"adgerdir-samskipa-til-thess-ad-tryggja-orofna-starfsemi-og-thar-med-afhendingaroryggi-a-vorum-vidskiptavina","status":"publish","type":"post","link":"https:\/\/www.samskip.is\/en\/blog\/2020\/03\/13\/adgerdir-samskipa-til-thess-ad-tryggja-orofna-starfsemi-og-thar-med-afhendingaroryggi-a-vorum-vidskiptavina\/","title":{"rendered":"A\u00f0ger\u00f0ir Samskipa til \u00feess a\u00f0 tryggja \u00f3rofna starfsemi og \u00fear me\u00f0 afhendingar\u00f6ryggi \u00e1 v\u00f6rum vi\u00f0skiptavina"},"content":{"rendered":"<p>Vegna<br \/>\nCOVID-19 hefur hj\u00e1 Samskipum veri\u00f0 unni\u00f0 h\u00f6r\u00f0um h\u00f6ndum a\u00f0 r\u00e1\u00f0st\u00f6funum til a\u00f0 tryggja<br \/>\n\u00f6ryggi starfsmanna og til a\u00f0 tryggja \u00f3rofna starfsemi og \u00fear me\u00f0 afhendingar\u00f6ryggi<br \/>\n\u00e1 v\u00f6rum vi\u00f0skiptavina. Ney\u00f0arnefnd Samskipa var virkju\u00f0 1. mars og hefur h\u00fan m\u00f3ta\u00f0<br \/>\n\u00fdmsar breytingar \u00e1 starfseminni til a\u00f0 breg\u00f0ast vi\u00f0 a\u00f0st\u00e6\u00f0unum sem n\u00fa eru uppi.\n<\/p>\n<p>Hlutverk Samskipa<br \/>\ner sk\u00fdrt. Samskip veita alhli\u00f0a flutninga\u00fej\u00f3nustu til og fr\u00e1 landinu, sem og innanlands.<br \/>\n\u00deannig gegnir fyrirt\u00e6ki\u00f0 mikilv\u00e6gu hlutverki fyrir vi\u00f0skiptavini s\u00edna og samf\u00e9lagi\u00f0<br \/>\nallt. Meginmarkmi\u00f0 a\u00f0ger\u00f0anna sem gripi\u00f0 hefur veri\u00f0 til sty\u00f0ur fyrirt\u00e6ki\u00f0 \u00ed a\u00f0<br \/>\nhalda \u00f3skertri \u00fej\u00f3nustu vi\u00f0 vi\u00f0skiptavini \u00e1 \u00feessu \u00f3vissut\u00edmabili. <\/p>\n<p><strong>Samskipum \u00ed Kjalarvogi hefur veri\u00f0 skipt upp \u00ed fj\u00f6gur h\u00f3lf:<\/strong> <\/p>\n<ul class=\"wp-block-list\">\n<li>H\u00f3lf 1: V\u00f6ruh\u00fas, Pallur, H\u00fdsing og G\u00e1malosun <\/li>\n<li>H\u00f3lf 2: G\u00e1mav\u00f6llur, Verkst\u00e6\u00f0i, \u00cdsheimar,<br \/>\nSvala, B\u00edlaport og Hli\u00f0 <\/li>\n<li>H\u00f3lf 3: Skrifstofa \u00e1 \u00feri\u00f0ju h\u00e6\u00f0 og skrifstofa<br \/>\nJ\u00f3na Transport\n<\/li>\n<li>H\u00f3lf 4: Skip, en \u00feau eru jafnframt einangru\u00f0<br \/>\nhvert fr\u00e1 \u00f6\u00f0ru<br \/>\n\u2013 \u00e1hafnir fara ekki fr\u00e1 bor\u00f0i \u00ed h\u00f6fnum og gestakomur banna\u00f0ar <\/li>\n<\/ul>\n<p>H\u00f3lfin eru a\u00f0gangsst\u00fdr\u00f0<br \/>\n\u00feannig a\u00f0 starfsmenn hafa einungis a\u00f0gang a\u00f0 s\u00ednu h\u00f3lfi. <\/p>\n<p><strong>Anna\u00f0 sem gert hefur veri\u00f0 til a\u00f0 draga \u00far h\u00e6ttu \u00e1 smiti: <\/strong><\/p>\n<ol class=\"wp-block-list\">\n<li>M\u00f6tuneyti starfsmanna hefur veri\u00f0 loka\u00f0. Eldh\u00fas afgrei\u00f0ir matarbakka fyrir hverja starfsst\u00f6\u00f0 fyrir sig. <\/li>\n<li>L\u00edkamsr\u00e6ktarst\u00f6\u00f0 hefur veri\u00f0 loka\u00f0. \u00a0<\/li>\n<li>Fyrirkomulag vakta \u00ed v\u00f6ruh\u00fasi og \u00e1 g\u00e1mavelli er me\u00f0 \u00feeim h\u00e6tti a\u00f0 vaktir hittast ekki. <\/li>\n<li>\u00d6llum utanlandsfer\u00f0um \u00e1 vegum fyrirt\u00e6kisins hefur veri\u00f0 fresta\u00f0. <\/li>\n<li>\u00d6llum \u201est\u00e6rri\u201c fundum hefur veri\u00f0 afl\u00fdst e\u00f0a fresta\u00f0 og starfsmenn taka ekki \u00fe\u00e1tt \u00ed st\u00e6rri fundum utanh\u00fass. <\/li>\n<li>\u00c1 \u00f6llum fundum er bo\u00f0i\u00f0 upp \u00e1 \u00fe\u00e1ttt\u00f6ku me\u00f0 fjarfundarb\u00fana\u00f0i. <\/li>\n<li>Heims\u00f3knir gesta \u00ed fyrirt\u00e6ki\u00f0 eru takmarka\u00f0ar og mi\u00f0ast vi\u00f0 afm\u00f6rku\u00f0u sv\u00e6\u00f0i. <\/li>\n<li>A\u00f0gangur gesta um bor\u00f0 \u00ed skip Samskipa takmarka\u00f0ur og heims\u00f3knir banna\u00f0ar nema \u00ed mj\u00f6g nau\u00f0synlegum undantekningatilvikum. Allir gestir um bor\u00f0 \u00ed skip Samskipa \u00feurfa a\u00f0 svara spurningalista vegna COVID-19. <\/li>\n<li>\u00c1hafnir fara ekki fr\u00e1 bor\u00f0i \u00ed erlendum h\u00f6fnum. <\/li>\n<li>Starfsmenn lista\u00f0ir upp me\u00f0 tilliti til getu\/r\u00e9ttinda og geta \u00fe\u00e1 flust milli starfsst\u00f6\u00f0va ef \u00feurfa \u00feykir. <\/li>\n<li>Listi yfir lykilstarfsmenn og varamenn hefur veri\u00f0 sendur til Almannavarna. <\/li>\n<li>Haldin er skr\u00e1 yfir fer\u00f0al\u00f6g starfsmanna \u00ed fr\u00edt\u00edma \u00feeirra, hven\u00e6r \u00feeir koma aftur til starfa og hvar \u00feeir hafa veri\u00f0. \u00deeir sem hafa veri\u00f0 \u00e1 h\u00e6ttusv\u00e6\u00f0um f\u00e1 ekki a\u00f0 koma til vinnu fyrr en a\u00f0 14 d\u00f6gum li\u00f0num. <\/li>\n<li>Skiptum starfsm\u00f6nnum upp \u00ed vaktir innan starfst\u00f6\u00f0va sem hittast ekki <\/li>\n<li>Ekki er \u00f3ska\u00f0 eftir a\u00f0 vi\u00f0skiptavinir kvitti fyrir m\u00f3tt\u00f6ku \u00e1 v\u00f6ru. <\/li>\n<li>G\u00e1mast\u00fdring hefur veri\u00f0 aukin til a\u00f0 tryggja vi\u00f0skiptavinum okkar \u00f6rugga flutninga.<\/li>\n<\/ol>\n<p>V\u00f6ruflutningar til og fr\u00e1 landinu eru grunn\u00fej\u00f3nusta sem<br \/>\nmikilv\u00e6gt er a\u00f0 raskist ekki og leggjast Samskip \u00e1 \u00e1rar me\u00f0 stj\u00f3rnv\u00f6ldum me\u00f0<br \/>\n\u00fev\u00ed a\u00f0 gr\u00edpa til markvissra a\u00f0ger\u00f0a til a\u00f0 tryggja samfellu \u00ed flutningunum og<br \/>\ndraga eftir megni \u00far l\u00edkum \u00e1 a\u00f0 r\u00f6skun ver\u00f0i \u00e1 \u00feeim. Samskip hvetja til b\u00e6\u00f0i<br \/>\nstarfsf\u00f3lk og vi\u00f0skiptavini til a\u00f0 s\u00fdna samst\u00f6\u00f0u og hj\u00e1lpast a\u00f0 \u00ed \u00feessum<br \/>\n\u00f3venjulegu a\u00f0st\u00e6\u00f0um af v\u00f6ldum COVID-19 \u00fear sem hlutir kunna a\u00f0 breytast mj\u00f6g<br \/>\nhratt. Frekari uppl\u00fdsingar um COVID-19 og a\u00f0ger\u00f0ir af h\u00e1lfu hins opinbera er a\u00f0<br \/>\nfinna \u00e1 n\u00fdjum uppl\u00fdsingavef Emb\u00e6ttis landl\u00e6knis og almannavarnadeildar<br \/>\nr\u00edkisl\u00f6greglustj\u00f3ra, <a href=\"http:\/\/www.covid.is\" target=\"_blank\" rel=\"noopener\">www.covid.is<\/a>. <\/p>\n","protected":false},"excerpt":{"rendered":"<p>Vegna COVID-19 hefur hj\u00e1 Samskipum veri\u00f0 unni\u00f0 h\u00f6r\u00f0um h\u00f6ndum a\u00f0 r\u00e1\u00f0st\u00f6funum til a\u00f0 tryggja \u00f6ryggi starfsmanna og til a\u00f0 tryggja \u00f3rofna starfsemi og \u00fear me\u00f0 afhendingar\u00f6ryggi \u00e1 v\u00f6rum vi\u00f0skiptavina. Ney\u00f0arnefnd [&hellip;]<\/p>\n","protected":false},"author":14,"featured_media":996501254,"comment_status":"closed","ping_status":"closed","sticky":false,"template":"","format":"standard","meta":{"_acf_changed":false,"footnotes":""},"categories":[32],"tags":[],"class_list":["post-395907352","post","type-post","status-publish","format-standard","has-post-thumbnail","hentry","category-frettir"],"acf":[],"_links":{"self":[{"href":"https:\/\/www.samskip.is\/en\/wp-json\/wp\/v2\/posts\/395907352","targetHints":{"allow":["GET"]}}],"collection":[{"href":"https:\/\/www.samskip.is\/en\/wp-json\/wp\/v2\/posts"}],"about":[{"href":"https:\/\/www.samskip.is\/en\/wp-json\/wp\/v2\/types\/post"}],"author":[{"embeddable":true,"href":"https:\/\/www.samskip.is\/en\/wp-json\/wp\/v2\/users\/14"}],"replies":[{"embeddable":true,"href":"https:\/\/www.samskip.is\/en\/wp-json\/wp\/v2\/comments?post=395907352"}],"version-history":[{"count":0,"href":"https:\/\/www.samskip.is\/en\/wp-json\/wp\/v2\/posts\/395907352\/revisions"}],"wp:featuredmedia":[{"embeddable":true,"href":"https:\/\/www.samskip.is\/en\/wp-json\/"}],"wp:attachment":[{"href":"https:\/\/www.samskip.is\/en\/wp-json\/wp\/v2\/media?parent=395907352"}],"wp:term":[{"taxonomy":"category","embeddable":true,"href":"https:\/\/www.samskip.is\/en\/wp-json\/wp\/v2\/categories?post=395907352"},{"taxonomy":"post_tag","embeddable":true,"href":"https:\/\/www.samskip.is\/en\/wp-json\/wp\/v2\/tags?post=395907352"}],"curies":[{"name":"wp","href":"https:\/\/api.w.org\/{rel}","templated":true}]}}