{"id":398843530,"date":"2023-09-27T15:00:04","date_gmt":"2023-09-27T15:00:04","guid":{"rendered":"https:\/\/en.samskip.webdev.is\/?p=398843530"},"modified":"2023-09-27T15:00:04","modified_gmt":"2023-09-27T15:00:04","slug":"samskip-beina-botakrofum-ad-eimskipi-vegna-rangra-sakargifta","status":"publish","type":"post","link":"https:\/\/www.samskip.is\/en\/blog\/2023\/09\/27\/samskip-beina-botakrofum-ad-eimskipi-vegna-rangra-sakargifta\/","title":{"rendered":"Samskip beina b\u00f3takr\u00f6fum a\u00f0 Eimskipi vegna rangra sakargifta"},"content":{"rendered":"<p>Um er a\u00f0 r\u00e6\u00f0a mj\u00f6g alvarlega atl\u00f6gu a\u00f0 Samskipum enda hefur Eimskip me\u00f0 \u00feessu ranglega saka\u00f0 f\u00e9lagi\u00f0, sem og n\u00faverandi og fyrrverandi starfsmenn f\u00e9lagsins og Eimskips, um \u00f3l\u00f6gm\u00e6ta og eftir atvikum refsiver\u00f0a h\u00e1ttsemi. Rangar sakargiftir af \u00feessum toga eru \u00f3l\u00f6gm\u00e6tar og \u00fe\u00e6r geta einnig veri\u00f0 refsiver\u00f0ar fyrir \u00feann sem \u00ed hlut \u00e1. \u00cd \u00feessu tilviki var \u00feeim beint a\u00f0 helsta keppinauti Eimskips og voru auglj\u00f3slega til \u00feess fallnar a\u00f0 valda b\u00fasifjum \u00ed rekstri f\u00e9lagsins og hafa \u00f3e\u00f0lileg \u00e1hrif \u00e1 samkeppnisst\u00f6\u00f0u f\u00e9laganna, Samskipum til tj\u00f3ns.<\/p>\n<p>L\u00f6gmenn Samskipa hafa sent forstj\u00f3ra Eimskips kr\u00f6fubr\u00e9f vegna framangreinds \u00fear sem \u00feess er einnig \u00f3ska\u00f0 a\u00f0 uppl\u00fdst ver\u00f0i hva\u00f0a stj\u00f3rnendur e\u00f0a stj\u00f3rnarmenn komu a\u00f0 \u00e1kv\u00f6r\u00f0un um a\u00f0 undirgangast s\u00e1ttina vi\u00f0 SKE og veita stj\u00f3rnvaldinu me\u00f0 \u00fev\u00ed rangar uppl\u00fdsingar.<\/p>\n<p><strong>M\u00e1li v\u00edsa\u00f0 til \u00e1fr\u00fdjunarnefndar samkeppnism\u00e1la<\/strong><br \/>Jafnframt hafa Samskip \u00ed dag skila\u00f0 inn til \u00e1fr\u00fdjunarnefndar samkeppnism\u00e1la k\u00e6ru vegna \u00e1kv\u00f6r\u00f0unar SKE fr\u00e1 31. \u00e1g\u00fast s\u00ed\u00f0astli\u00f0num um a\u00f0 leggja \u00e1 Samskip 4,2 milljar\u00f0a kr\u00f3na sekt fyrir \u00fe\u00e1ttt\u00f6ku \u00ed meintu samr\u00e1\u00f0i vi\u00f0 Eimskip. Fari\u00f0 er fram \u00e1 a\u00f0 \u00e1kv\u00f6r\u00f0un SKE ver\u00f0i felld \u00far gildi og a\u00f0 r\u00e9ttar\u00e1hrifum hennar ver\u00f0i fresta\u00f0 \u00e1 me\u00f0an m\u00e1li\u00f0 er til me\u00f0fer\u00f0ar hj\u00e1 \u00e1fr\u00fdjunarnefndinni.<\/p>\n<p>\u201eSamskip gagnr\u00fdna har\u00f0lega \u00e1kv\u00f6r\u00f0un Samkeppniseftirlitsins enda er h\u00fan efnislega r\u00f6ng og \u00f6ll m\u00e1lsme\u00f0fer\u00f0in \u00ed br\u00fdnni andst\u00f6\u00f0u vi\u00f0 \u00e1kv\u00e6\u00f0i samkeppnislaga, s\u00f6nnunarreglur og fj\u00f6lmargar grundvallarreglur stj\u00f3rnskipunar- og stj\u00f3rns\u00fdslur\u00e9ttarins. F\u00e9lagi\u00f0 telur lj\u00f3st a\u00f0 fella ver\u00f0i hina k\u00e6r\u00f0u \u00e1kv\u00f6r\u00f0un \u00far gildi \u00ed heild sinni vegna \u00feessara alvarlegu annmarka sem leitt hafi til endurtekinna rangra og haldlausra \u00e1lyktana stofnunarinnar,\u201c segir H\u00f6r\u00f0ur Felix Har\u00f0arson, l\u00f6gma\u00f0ur Samskipa.<\/p>\n<p>\u00cd k\u00e6runni er bent \u00e1 a\u00f0 ranns\u00f3kn og \u00e1kv\u00f6r\u00f0un SKE s\u00e9 ford\u00e6malaus fyrir margar sakir. \u00de\u00e6r kenningar og \u00e1lyktanir sem settar eru fram \u00ed \u00e1kv\u00f6r\u00f0un SKE s\u00e9u \u00ed grundvallaratri\u00f0um \u00e1n tengsla vi\u00f0 g\u00f6gn m\u00e1lsins og raunveruleg atvik \u00ed rekstri skipaf\u00e9laganna sem s\u00f6ku\u00f0 s\u00e9u um samr\u00e1\u00f0. \u00de\u00e1 hafi SKE endurteki\u00f0 misfari\u00f0 me\u00f0 efni gagna og horft fram hj\u00e1 s\u00f6nnunarg\u00f6gnum og r\u00e9ttm\u00e6tum sk\u00fdringum Samskipa og Eimskips sem ekki hafi falli\u00f0 a\u00f0 kenningum stofnunarinnar. \u00de\u00e1 er me\u00f0 sektarfj\u00e1rh\u00e6\u00f0inni fari\u00f0 gegn fj\u00f6lm\u00f6rgum r\u00e9ttarreglum og lj\u00f3st a\u00f0 til grundvallar \u00feeirri \u00e1kv\u00f6r\u00f0un liggja engin m\u00e1lefnaleg sj\u00f3narmi\u00f0.<\/p>\n","protected":false},"excerpt":{"rendered":"<p>Um er a\u00f0 r\u00e6\u00f0a mj\u00f6g alvarlega atl\u00f6gu a\u00f0 Samskipum enda hefur Eimskip me\u00f0 \u00feessu ranglega saka\u00f0 f\u00e9lagi\u00f0, sem og n\u00faverandi og fyrrverandi starfsmenn f\u00e9lagsins og Eimskips, um \u00f3l\u00f6gm\u00e6ta og eftir [&hellip;]<\/p>\n","protected":false},"author":14,"featured_media":1146278454,"comment_status":"closed","ping_status":"closed","sticky":false,"template":"","format":"standard","meta":{"_acf_changed":false,"footnotes":""},"categories":[32],"tags":[],"class_list":["post-398843530","post","type-post","status-publish","format-standard","has-post-thumbnail","hentry","category-frettir"],"acf":[],"_links":{"self":[{"href":"https:\/\/www.samskip.is\/en\/wp-json\/wp\/v2\/posts\/398843530","targetHints":{"allow":["GET"]}}],"collection":[{"href":"https:\/\/www.samskip.is\/en\/wp-json\/wp\/v2\/posts"}],"about":[{"href":"https:\/\/www.samskip.is\/en\/wp-json\/wp\/v2\/types\/post"}],"author":[{"embeddable":true,"href":"https:\/\/www.samskip.is\/en\/wp-json\/wp\/v2\/users\/14"}],"replies":[{"embeddable":true,"href":"https:\/\/www.samskip.is\/en\/wp-json\/wp\/v2\/comments?post=398843530"}],"version-history":[{"count":0,"href":"https:\/\/www.samskip.is\/en\/wp-json\/wp\/v2\/posts\/398843530\/revisions"}],"wp:featuredmedia":[{"embeddable":true,"href":"https:\/\/www.samskip.is\/en\/wp-json\/"}],"wp:attachment":[{"href":"https:\/\/www.samskip.is\/en\/wp-json\/wp\/v2\/media?parent=398843530"}],"wp:term":[{"taxonomy":"category","embeddable":true,"href":"https:\/\/www.samskip.is\/en\/wp-json\/wp\/v2\/categories?post=398843530"},{"taxonomy":"post_tag","embeddable":true,"href":"https:\/\/www.samskip.is\/en\/wp-json\/wp\/v2\/tags?post=398843530"}],"curies":[{"name":"wp","href":"https:\/\/api.w.org\/{rel}","templated":true}]}}