{"id":418324211,"date":"2021-03-19T13:22:00","date_gmt":"2021-03-19T13:22:00","guid":{"rendered":"https:\/\/en.samskip.webdev.is\/?p=418324211"},"modified":"2021-03-19T13:22:00","modified_gmt":"2021-03-19T13:22:00","slug":"vegirnir-thurfa-ad-uppfylla-krofur-nutimans","status":"publish","type":"post","link":"https:\/\/www.samskip.is\/en\/blog\/2021\/03\/19\/vegirnir-thurfa-ad-uppfylla-krofur-nutimans\/","title":{"rendered":"Vegirnir \u00feurfa a\u00f0 uppfylla kr\u00f6fur n\u00fat\u00edmans"},"content":{"rendered":"<p>\u00deetta er me\u00f0al \u00feess sem fram kom \u00ed m\u00e1li Inga \u00de\u00f3rs Hermannssonar, forst\u00f6\u00f0umanns Samskipa innanlands, \u00e1 opnum fundi Vegager\u00f0arinnar um vegbl\u00e6\u00f0ingar 16. \u00feessa m\u00e1na\u00f0ar.<\/p>\n<p>Ingi \u00de\u00f3r benti \u00e1 a\u00f0 \u00feungum b\u00edlum v\u00e6ri stundum kennt um \u00e1stand vegakerfisins, en varpa\u00f0i um lei\u00f0 fram spurningunni um hvort vegir landsins v\u00e6ru bygg\u00f0ir til a\u00f0 m\u00e6ta \u00fev\u00ed \u00e1lagi sem \u00feyrfti vegna \u00feeirrar sta\u00f0reyndar a\u00f0 v\u00f6rur \u00feyrfti a\u00f0 flytja \u00e1 milli landshluta.<\/p>\n<p><strong>Samskip sinna landsbygg\u00f0inni vel<\/strong><\/p>\n<p>\u201eEf vi\u00f0 horfum \u00e1 hlutverk okkar \u00fe\u00e1 l\u00edtum vi\u00f0 svo \u00e1 a\u00f0 vi\u00f0 s\u00e9um \u00ed lykilhlutverki \u00ed \u00fej\u00f3nustu vi\u00f0 b\u00e6\u00f0i fyrirt\u00e6ki og einstaklinga sem b\u00faa og starfa \u00e1 landsbygg\u00f0inni og hafa atvinnustarfsemi s\u00edna \u00fear,\u201c sag\u00f0i Ingi \u00de\u00f3r \u00ed erindi s\u00ednu og b\u00e6tti vi\u00f0 a\u00f0 krafan \u00e1 hendur Samskipum v\u00e6ru um \u00e1rei\u00f0anlega daglega \u00fej\u00f3nustu.<\/p>\n<p>\u201e\u00c1 \u00feetta rei\u00f0a <s>sig<\/s> fyrirt\u00e6kin \u00e1 landsbygg\u00f0inni, framlei\u00f0sluv\u00f6rur \u00feurfa a\u00f0 komast \u00e1 h\u00f6fu\u00f0borgarsv\u00e6\u00f0i\u00f0 e\u00f0a \u00ed flug e\u00f0a anna\u00f0 \u00feess h\u00e1ttar. \u00deannig a\u00f0 \u00fe\u00f3 a\u00f0 vi\u00f0 bj\u00f3\u00f0um upp \u00e1 siglingar \u00fe\u00e1 eru kr\u00f6furnar \u00feeirra sem b\u00faa og starfa \u00e1 landsbygg\u00f0inni miklu v\u00ed\u00f0t\u00e6kari en svo a\u00f0 sj\u00f3flutningskerfi geti anna\u00f0 \u00feeim. \u00deess vegna er svo mikilv\u00e6gt a\u00f0 vegakerfi\u00f0 okkar sty\u00f0ji vi\u00f0 kr\u00f6fur \u00feeirra sem b\u00faa \u00fear og starfa.\u201c<\/p>\n<p>Samskip leggja l\u00edka mikla \u00e1herslu \u00e1 a\u00f0 draga \u00far kolefnisf\u00f3tspori starfseminnar og m\u00e6ta me\u00f0 \u00fev\u00ed st\u00f6\u00f0ugt vaxandi kr\u00f6fu um umhverfisvernd fr\u00e1 vi\u00f0skiptavinum fyrirt\u00e6kisins. Ingi \u00de\u00f3r benti\u00a0\u00e1 a\u00f0 \u00feungatakmarkanir \u00e1 vegum torveldu\u00f0u hins vegar notkun \u00feeirra flutningst\u00e6kja sem hagkv\u00e6must v\u00e6ru fr\u00e1 umhverfissj\u00f3narmi\u00f0i. \u00c1stand vega og t\u00ed\u00f0ar \u00feungatakmarkanir ger\u00f0u a\u00f0 verkum a\u00f0 notast \u00feyrfti vi\u00f0 d\u00fdrari og ey\u00f0slufrekari b\u00edla vi\u00f0 flutninginn.<\/p>\n<p><strong>Vegb\u00e6tur sty\u00f0ja umhverfisvernd<\/strong><\/p>\n<p>\u00de\u00f3runn Inga Ingjaldsd\u00f3ttir, forst\u00f6\u00f0uma\u00f0ur marka\u00f0s- og samskiptasvi\u00f0s Samskipa, segir Samskip fagna \u00feeim vilja sem komi\u00f0 hafi fram \u00ed m\u00e1li Berg\u00fe\u00f3ru \u00deorkelsd\u00f3ttur, forstj\u00f3ra Vegager\u00f0arinnar, \u00ed kj\u00f6lfar r\u00e1\u00f0stefnunnar til a\u00f0 styrkja vegakerfi\u00f0 \u00feannig a\u00f0 draga megi \u00far \u00feungatakm\u00f6rkunum. \u00cd vi\u00f0tali \u00ed morgun\u00fatvarpi R\u00e1sar tv\u00f6 daginn eftir r\u00e1\u00f0stefnuna sag\u00f0i Berg\u00fe\u00f3ra Vegager\u00f0ina stefna \u00e1 a\u00f0 setja kraft \u00ed malbikun \u00e1 \u00feeim vegum \u00fear sem mest er umfer\u00f0 og flutningar eru mestir, en malbik bl\u00e6\u00f0ir ekki og \u00feolir b\u00e6\u00f0i mikla umfer\u00f0 og \u00feyngd flutningab\u00edla betur en bundi\u00f0 slitlag sem v\u00ed\u00f0a er nota\u00f0.<\/p>\n<p>\u201e\u00d6ll r\u00f6skun \u00e1 vegasamg\u00f6ngum kemur n\u00e1tt\u00farlega illa vi\u00f0 flutningafyrirt\u00e6ki, sem breyta \u00feurfa \u00e1\u00e6tlunum og tafir koma ni\u00f0ur \u00e1 \u00fej\u00f3nustustiginu. En erum me\u00f0 sveigjanlegt kerfi og breg\u00f0umst vi\u00f0 eftir \u00fe\u00f6rfum og \u00ed afar g\u00f3\u00f0u samstarfi vi\u00f0 vi\u00f0skiptavini til \u00feess a\u00f0 tryggja a\u00f0 sem h\u00e6st \u00fej\u00f3nustustig hverju sinni,\u201c segir \u00de\u00f3runn Inga. \u201eMarg\u00fe\u00e6ttur \u00e1vinningur f\u00e6st hins vegar me\u00f0 vegb\u00f3tum, \u00fear \u00e1 me\u00f0al umhverfis\u00e1vinningur, \u00fev\u00ed draga m\u00e6tti \u00far eldsneytisbruna um fimmtung me\u00f0 notkun \u00e1tta hj\u00f3la b\u00edla, \u00ed sta\u00f0 t\u00edu hj\u00f3la b\u00edla me\u00f0 tv\u00f6f\u00f6ldum dekkjagangi sem \u00f6xul\u00feungatakmarkanir kalla \u00e1.\u201c<\/p>\n<p>Fr\u00f3\u00f0legt erindi Inga \u00de\u00f3rs Hermannsonar og annarra sem \u00fe\u00e1tt t\u00f3ku \u00ed fundi vegager\u00f0arinnar m\u00e1 finna <a href=\"https:\/\/livestream.com\/accounts\/15827392\/events\/9567466\/videos\/218816893\" target=\"_blank\" rel=\"noopener\">H\u00c9R<\/a> og h\u00e6gt er a\u00f0 hlusta \u00e1 vi\u00f0tal morgun\u00fatvarps R\u00e1sar 2 vi\u00f0 forstj\u00f3ra Vegager\u00f0arinnar <a href=\"https:\/\/www.ruv.is\/utvarp\/spila\/morgunutvarpid\/23822\/7grr4l\/bergthora-thorkelsdottir-vegblaedingar-o-fl\" target=\"_blank\" rel=\"noopener\">H\u00c9R<\/a>.<\/p>\n","protected":false},"excerpt":{"rendered":"<p>\u00deetta er me\u00f0al \u00feess sem fram kom \u00ed m\u00e1li Inga \u00de\u00f3rs Hermannssonar, forst\u00f6\u00f0umanns Samskipa innanlands, \u00e1 opnum fundi Vegager\u00f0arinnar um vegbl\u00e6\u00f0ingar 16. \u00feessa m\u00e1na\u00f0ar. Ingi \u00de\u00f3r benti \u00e1 a\u00f0 \u00feungum [&hellip;]<\/p>\n","protected":false},"author":14,"featured_media":1029101306,"comment_status":"closed","ping_status":"closed","sticky":false,"template":"","format":"standard","meta":{"_acf_changed":false,"footnotes":""},"categories":[32],"tags":[],"class_list":["post-418324211","post","type-post","status-publish","format-standard","has-post-thumbnail","hentry","category-frettir"],"acf":[],"_links":{"self":[{"href":"https:\/\/www.samskip.is\/en\/wp-json\/wp\/v2\/posts\/418324211","targetHints":{"allow":["GET"]}}],"collection":[{"href":"https:\/\/www.samskip.is\/en\/wp-json\/wp\/v2\/posts"}],"about":[{"href":"https:\/\/www.samskip.is\/en\/wp-json\/wp\/v2\/types\/post"}],"author":[{"embeddable":true,"href":"https:\/\/www.samskip.is\/en\/wp-json\/wp\/v2\/users\/14"}],"replies":[{"embeddable":true,"href":"https:\/\/www.samskip.is\/en\/wp-json\/wp\/v2\/comments?post=418324211"}],"version-history":[{"count":0,"href":"https:\/\/www.samskip.is\/en\/wp-json\/wp\/v2\/posts\/418324211\/revisions"}],"wp:featuredmedia":[{"embeddable":true,"href":"https:\/\/www.samskip.is\/en\/wp-json\/"}],"wp:attachment":[{"href":"https:\/\/www.samskip.is\/en\/wp-json\/wp\/v2\/media?parent=418324211"}],"wp:term":[{"taxonomy":"category","embeddable":true,"href":"https:\/\/www.samskip.is\/en\/wp-json\/wp\/v2\/categories?post=418324211"},{"taxonomy":"post_tag","embeddable":true,"href":"https:\/\/www.samskip.is\/en\/wp-json\/wp\/v2\/tags?post=418324211"}],"curies":[{"name":"wp","href":"https:\/\/api.w.org\/{rel}","templated":true}]}}