{"id":42324933,"date":"2017-09-13T00:00:00","date_gmt":"2017-09-13T00:00:00","guid":{"rendered":"https:\/\/en.samskip.webdev.is\/?p=42324933"},"modified":"2017-09-13T00:00:00","modified_gmt":"2017-09-13T00:00:00","slug":"samskip-flytur-listina-til-og-fra-faereyjum","status":"publish","type":"post","link":"https:\/\/www.samskip.is\/en\/blog\/2017\/09\/13\/samskip-flytur-listina-til-og-fra-faereyjum\/","title":{"rendered":"Samskip flytja listina til og fr\u00e1 F\u00e6reyjum"},"content":{"rendered":"<p>Hlutverk Nor\u00f0urlandah\u00fassins \u00ed F\u00e6reyjum er m.a. a\u00f0 flytja norr\u00e6na listir og menningu til F\u00e6reyja og f\u00e6reyska list og menningu \u00fat \u00ed heim \u2013 fyrst og fremst til Nor\u00f0urlanda. \u00a0<\/p>\n<p>\u201cSamstarfi\u00f0 vi\u00f0 Samskip fer a\u00f0 einfalda til muna a\u00f0 sinna hlutverki okkar, \u00fear sem \u00fea\u00f0 ver\u00f0ur n\u00fa b\u00e6\u00f0i au\u00f0veldara og \u00f3d\u00fdrara a\u00f0 flytja listaverk, svi\u00f0smyndir, t\u00e6ki, b\u00fana\u00f0 ofl. b\u00e6\u00f0i heim til F\u00e6reyja og \u00fat \u00ed heim\u201d, segir Sif Gunnarsd\u00f3ttir, forstj\u00f3ri Nor\u00f0urlandah\u00fassins \u00ed F\u00e6reyjum.<\/p>\n<p>Lei\u00f0akerfi\u00f0 hj\u00e1 Samskipa n\u00e6r \u00fat um allan heim og \u00far F\u00e6reyjum eru beinar siglingar til \u00cdslands, Danmerkur, Sv\u00ed\u00fej\u00f3\u00f0ar og Bretlands.<\/p>\n<p>Sj\u00far\u00f0ur Johansen, forstj\u00f3ri Samskipa \u00ed F\u00e6reyjum er afar \u00e1n\u00e6g\u00f0ur me\u00f0 samstarfi\u00f0. &#8220;Vi\u00f0 vonum a\u00f0 samstarfi\u00f0 muni l\u00e9tta til muna \u00feau verkefni sem krefjast flutninga til og fr\u00e1 landinu og a\u00f0 \u00feannig ver\u00f0i h\u00e6gt a\u00f0 verja meiri t\u00edma og orku \u00ed a\u00f0 gefa okkur F\u00e6reyingum st\u00f3rkostlegar upplifanir.&#8221;<\/p>\n<p>Samstarfinu ver\u00f0ur hleypt af stokkunum vi\u00f0 upphaf h\u00e1t\u00ed\u00f0arinnar Land \u00ed sj\u00f3nm\u00e1li, sem ver\u00f0ur \u00ed Nor\u00f0urlandah\u00fasinu 23. \u2013 30. september.\u00a0<\/p>\n","protected":false},"excerpt":{"rendered":"<p>Hlutverk Nor\u00f0urlandah\u00fassins \u00ed F\u00e6reyjum er m.a. a\u00f0 flytja norr\u00e6na listir og menningu til F\u00e6reyja og f\u00e6reyska list og menningu \u00fat \u00ed heim \u2013 fyrst og fremst til Nor\u00f0urlanda. \u00a0 \u201cSamstarfi\u00f0 [&hellip;]<\/p>\n","protected":false},"author":14,"featured_media":0,"comment_status":"closed","ping_status":"closed","sticky":false,"template":"","format":"standard","meta":{"_acf_changed":false,"footnotes":""},"categories":[32],"tags":[],"class_list":["post-42324933","post","type-post","status-publish","format-standard","hentry","category-frettir"],"acf":[],"_links":{"self":[{"href":"https:\/\/www.samskip.is\/en\/wp-json\/wp\/v2\/posts\/42324933","targetHints":{"allow":["GET"]}}],"collection":[{"href":"https:\/\/www.samskip.is\/en\/wp-json\/wp\/v2\/posts"}],"about":[{"href":"https:\/\/www.samskip.is\/en\/wp-json\/wp\/v2\/types\/post"}],"author":[{"embeddable":true,"href":"https:\/\/www.samskip.is\/en\/wp-json\/wp\/v2\/users\/14"}],"replies":[{"embeddable":true,"href":"https:\/\/www.samskip.is\/en\/wp-json\/wp\/v2\/comments?post=42324933"}],"version-history":[{"count":0,"href":"https:\/\/www.samskip.is\/en\/wp-json\/wp\/v2\/posts\/42324933\/revisions"}],"wp:attachment":[{"href":"https:\/\/www.samskip.is\/en\/wp-json\/wp\/v2\/media?parent=42324933"}],"wp:term":[{"taxonomy":"category","embeddable":true,"href":"https:\/\/www.samskip.is\/en\/wp-json\/wp\/v2\/categories?post=42324933"},{"taxonomy":"post_tag","embeddable":true,"href":"https:\/\/www.samskip.is\/en\/wp-json\/wp\/v2\/tags?post=42324933"}],"curies":[{"name":"wp","href":"https:\/\/api.w.org\/{rel}","templated":true}]}}