{"id":429982172,"date":"2017-08-14T00:00:00","date_gmt":"2017-08-14T00:00:00","guid":{"rendered":"https:\/\/en.samskip.webdev.is\/?p=429982172"},"modified":"2017-08-14T00:00:00","modified_gmt":"2017-08-14T00:00:00","slug":"seinkun-a-komu-arnarfells-i-viku-33","status":"publish","type":"post","link":"https:\/\/www.samskip.is\/en\/blog\/2017\/08\/14\/seinkun-a-komu-arnarfells-i-viku-33\/","title":{"rendered":"Seinkun \u00e1 komu Arnarfells \u00ed viku 33"},"content":{"rendered":"<p><i>Fr\u00e9tt uppf\u00e6r\u00f0 kl. 12:15 21. \u00e1g\u00fast 2017<\/i><\/p>\n<p>Eins og fram kom \u00ed s\u00ed\u00f0ustu viku hefur Arnarfell (fer\u00f0 1731ARN) seinka\u00f0 \u00e1 lei\u00f0 sinni til landsins vegna v\u00e9larbilunar. Vi\u00f0ger\u00f0 er loki\u00f0 og skipi\u00f0 er n\u00fa \u00e1 lei\u00f0 til \u00cdslands. \u00c1\u00e6tlu\u00f0 koma til Reykjav\u00edkur er mi\u00f0vikudaginn 23.08.2017. Athugi\u00f0 a\u00f0 \u00feetta er einum degi fyrr en tilkynnt var \u00e1 f\u00f6studag. Hoffell er til losunar \u00ed dag, m\u00e1nudag 21.08.2017. \u00c1\u00e6tla\u00f0 er a\u00f0 Helgafell komi til Reykjav\u00edkur \u00e1 morgun \u00feri\u00f0judag 22.08.2017 kl. 13:00 og ver\u00f0ur skipi\u00f0 losa\u00f0 a\u00f0 hluta. \u00c1\u00e6tla\u00f0 er a\u00f0 hefja losun \u00e1 Arnarfelli kl. 06:00 \u00e1 mi\u00f0vikudag 23.08.2017 og lj\u00faka vi\u00f0 losun skipsins \u00e1 a\u00f0 kv\u00f6ldi sama dags. \u00c1 fimmtudagsmorgun hefst svo vinna \u00e1 n\u00fd vi\u00f0 a\u00f0 kl\u00e1ra losun \u00e1 Helgafelli. \u00de.a.l. ver\u00f0ur miki\u00f0 \u00e1lag \u00e1 g\u00e1mavelli og akstur\u00fej\u00f3nustu Samskipa \u00ed vikunni. Vi\u00f0 bendum vi\u00f0skiptavinum \u00e1 a\u00f0 setja sig t\u00edmanlega \u00ed samband vi\u00f0 \u00fej\u00f3nustudeild Samskipa me\u00f0 heimakstur g\u00e1ma. Vi\u00f0 munum leggja okkur fram vi\u00f0 a\u00f0 afgrei\u00f0a heimakstur eins og frekast er unnt.\u00a0<\/p>\n<p>Til \u00feess a\u00f0 vinna upp \u00e1\u00e6tlun siglingakerfis Samskipa mun Arnarfell a\u00f0 lokinni losun \u00ed Reykjav\u00edk sigla beint fr\u00e1 Reykjav\u00edk til Aarhus. Samhli\u00f0a \u00feessu leig\u00f0u Samskip t\u00edmabundi\u00f0 inn skip, sem ber heiti\u00f0 M\/v \u00d6land. M\/v \u00d6land lesta\u00f0i \u00ed Reykjav\u00edk og Vestmannaeyjum um umli\u00f0na helgi og mun skipi\u00f0 hafa vi\u00f0komu \u00ed Rotterdam, Cuxhaven, Varberg og Aarhus. \u00d6land og Arnarfell munu m\u00e6tast \u00ed Aarhus \u00fear sem allri v\u00f6ru ver\u00f0ur umlesta\u00f0 yfir \u00ed Arnarfell. \u00c1\u00e6tla\u00f0ur komut\u00edmi Arnarfells til Reykjav\u00edkur er f\u00f6studagurinn 01.09.2017.<\/p>\n<p>Vi\u00f0 bi\u00f0jumst velvir\u00f0ingar \u00e1 \u00feeim \u00f3\u00fe\u00e6gindum sem \u00feetta kann a\u00f0 valda.<\/p>\n","protected":false},"excerpt":{"rendered":"<p>Fr\u00e9tt uppf\u00e6r\u00f0 kl. 12:15 21. \u00e1g\u00fast 2017 Eins og fram kom \u00ed s\u00ed\u00f0ustu viku hefur Arnarfell (fer\u00f0 1731ARN) seinka\u00f0 \u00e1 lei\u00f0 sinni til landsins vegna v\u00e9larbilunar. Vi\u00f0ger\u00f0 er loki\u00f0 og [&hellip;]<\/p>\n","protected":false},"author":14,"featured_media":0,"comment_status":"closed","ping_status":"closed","sticky":false,"template":"","format":"standard","meta":{"_acf_changed":false,"footnotes":""},"categories":[32],"tags":[],"class_list":["post-429982172","post","type-post","status-publish","format-standard","hentry","category-frettir"],"acf":[],"_links":{"self":[{"href":"https:\/\/www.samskip.is\/en\/wp-json\/wp\/v2\/posts\/429982172","targetHints":{"allow":["GET"]}}],"collection":[{"href":"https:\/\/www.samskip.is\/en\/wp-json\/wp\/v2\/posts"}],"about":[{"href":"https:\/\/www.samskip.is\/en\/wp-json\/wp\/v2\/types\/post"}],"author":[{"embeddable":true,"href":"https:\/\/www.samskip.is\/en\/wp-json\/wp\/v2\/users\/14"}],"replies":[{"embeddable":true,"href":"https:\/\/www.samskip.is\/en\/wp-json\/wp\/v2\/comments?post=429982172"}],"version-history":[{"count":0,"href":"https:\/\/www.samskip.is\/en\/wp-json\/wp\/v2\/posts\/429982172\/revisions"}],"wp:attachment":[{"href":"https:\/\/www.samskip.is\/en\/wp-json\/wp\/v2\/media?parent=429982172"}],"wp:term":[{"taxonomy":"category","embeddable":true,"href":"https:\/\/www.samskip.is\/en\/wp-json\/wp\/v2\/categories?post=429982172"},{"taxonomy":"post_tag","embeddable":true,"href":"https:\/\/www.samskip.is\/en\/wp-json\/wp\/v2\/tags?post=429982172"}],"curies":[{"name":"wp","href":"https:\/\/api.w.org\/{rel}","templated":true}]}}