{"id":44161692,"date":"2019-08-16T00:00:00","date_gmt":"2019-08-16T00:00:00","guid":{"rendered":"https:\/\/en.samskip.webdev.is\/?p=44161692"},"modified":"2019-08-16T00:00:00","modified_gmt":"2019-08-16T00:00:00","slug":"fiskidagurinn-mikli-tokst-vel-ad-vanda","status":"publish","type":"post","link":"https:\/\/www.samskip.is\/en\/blog\/2019\/08\/16\/fiskidagurinn-mikli-tokst-vel-ad-vanda\/","title":{"rendered":"Fiskidagurinn mikli t\u00f3kst vel a\u00f0 vanda"},"content":{"rendered":"<p>Fiskidagurinn mikli fer \u00e1vallt fram \u00e1 Dalv\u00edk helgina eftir verslunarmannahelgi \u00e1r hvert og koma \u00fe\u00e1 til b\u00e6jarins gestir hva\u00f0an\u00e6va a\u00f0 til a\u00f0 samgle\u00f0jast heimaf\u00f3lki. \u00cd st\u00f3rum dr\u00e1ttum er dagskr\u00e1in me\u00f0 hef\u00f0bundnu sni\u00f0i, fiskis\u00fapukv\u00f6ld \u00e1 f\u00f6studeginum og \u00e1 laugardegi fer fram skemmtidagskr\u00e1 sem endar me\u00f0 st\u00f3rt\u00f3nleikum og flugeldas\u00fdningu um kv\u00f6ldi\u00f0.<\/p>\n<p>Grunnhugmyndin a\u00f0 Fiskideginum mikla sn\u00fdst um a\u00f0 Dalv\u00edkingar bj\u00f3\u00f0a \u00f6\u00f0rum landsm\u00f6nnum \u00ed mat me\u00f0 \u00feannig fyrirkomulagi a\u00f0 enginn \u00feurfi a\u00f0 taka upp veski\u00f0, en aldrei hefur veri\u00f0 rukka\u00f0 fyrir a\u00f0gang a\u00f0 h\u00e1t\u00ed\u00f0inni, hvorki mat n\u00e9 skemmtiatri\u00f0um.<\/p>\n<p>A\u00f0koma Samskipa a\u00f0 h\u00e1t\u00ed\u00f0inni hefur veri\u00f0 allnokkur fr\u00e1 upphafi, en f\u00e9lagi\u00f0 flytur og h\u00fdsir obbann af matv\u00e6lum og frystiv\u00f6ru fyrir h\u00e1t\u00ed\u00f0ina, auk svi\u00f0sb\u00fana\u00f0ar og t\u00e6kja sem notu\u00f0 eru \u00e1 sv\u00e6\u00f0inu. Eins leggur fyrirt\u00e6ki\u00f0 li\u00f0 vi\u00f0 undirb\u00faning \u00e1 h\u00e1t\u00ed\u00f0arsv\u00e6\u00f0inu og \u00e1 me\u00f0an \u00e1 h\u00e1t\u00ed\u00f0inni stendur, svo sem vi\u00f0 uppsetningu \u00e1 skj\u00f3lvegg \u00far g\u00e1mum vi\u00f0 Hafnarvogina \u00fear sem st\u00f3ra \u00fatigrilli\u00f0 er og me\u00f0 \u00fev\u00ed a\u00f0 geyma vi\u00f0 fiskas\u00fdninguna, sem \u00fearf a\u00f0 vera frosin fram a\u00f0 s\u00fdningu. Eins hafa Samskip a\u00f0sto\u00f0a\u00f0 vi\u00f0 a\u00f0 afmarka g\u00f6tur og h\u00e1t\u00ed\u00f0arsv\u00e6\u00f0i me\u00f0 t\u00e6kjum, b\u00edlum og flutningav\u00f6gnum, auk \u00feess a\u00f0 a\u00f0sto\u00f0a vi\u00f0 uppsetningu \u00e1 sm\u00e6rra svi\u00f0nu sem nota\u00f0 er \u00e1 sj\u00e1lfan h\u00e1t\u00ed\u00f0ardaginn.<\/p>\n<p>\u00cd <a href=\"https:\/\/www.mbl.is\/frettir\/innlent\/2019\/08\/12\/kloppudu_thegar_sast_til_solar\/\" target=\"_blank\" rel=\"noopener\">umfj\u00f6llun Morgunbla\u00f0sins<\/a> um h\u00e1t\u00ed\u00f0ina \u00ed \u00e1r kemur fram a\u00f0 n\u00fana hafi \u00ed fyrsta sinn veri\u00f0 h\u00e6rra aldurstakmark \u00e1 tjaldsv\u00e6\u00f0inu, e\u00f0a 20 \u00e1r, og haft eftir J\u00fal\u00edusi J\u00fal\u00edussyni, framkv\u00e6mdastj\u00f3ra Fiskidagsins mikla, a\u00f0 \u00fea\u00f0 hafi gefi\u00f0 g\u00f3\u00f0a raun. Sami h\u00e1ttur ver\u00f0i l\u00edklega haf\u00f0ur \u00e1 \u00e1 n\u00e6sta \u00e1ri.<\/p>\n","protected":false},"excerpt":{"rendered":"<p>Fiskidagurinn mikli fer \u00e1vallt fram \u00e1 Dalv\u00edk helgina eftir verslunarmannahelgi \u00e1r hvert og koma \u00fe\u00e1 til b\u00e6jarins gestir hva\u00f0an\u00e6va a\u00f0 til a\u00f0 samgle\u00f0jast heimaf\u00f3lki. \u00cd st\u00f3rum dr\u00e1ttum er dagskr\u00e1in me\u00f0 [&hellip;]<\/p>\n","protected":false},"author":14,"featured_media":1299308550,"comment_status":"closed","ping_status":"closed","sticky":false,"template":"","format":"standard","meta":{"_acf_changed":false,"footnotes":""},"categories":[32],"tags":[],"class_list":["post-44161692","post","type-post","status-publish","format-standard","has-post-thumbnail","hentry","category-frettir"],"acf":[],"_links":{"self":[{"href":"https:\/\/www.samskip.is\/en\/wp-json\/wp\/v2\/posts\/44161692","targetHints":{"allow":["GET"]}}],"collection":[{"href":"https:\/\/www.samskip.is\/en\/wp-json\/wp\/v2\/posts"}],"about":[{"href":"https:\/\/www.samskip.is\/en\/wp-json\/wp\/v2\/types\/post"}],"author":[{"embeddable":true,"href":"https:\/\/www.samskip.is\/en\/wp-json\/wp\/v2\/users\/14"}],"replies":[{"embeddable":true,"href":"https:\/\/www.samskip.is\/en\/wp-json\/wp\/v2\/comments?post=44161692"}],"version-history":[{"count":0,"href":"https:\/\/www.samskip.is\/en\/wp-json\/wp\/v2\/posts\/44161692\/revisions"}],"wp:featuredmedia":[{"embeddable":true,"href":"https:\/\/www.samskip.is\/en\/wp-json\/"}],"wp:attachment":[{"href":"https:\/\/www.samskip.is\/en\/wp-json\/wp\/v2\/media?parent=44161692"}],"wp:term":[{"taxonomy":"category","embeddable":true,"href":"https:\/\/www.samskip.is\/en\/wp-json\/wp\/v2\/categories?post=44161692"},{"taxonomy":"post_tag","embeddable":true,"href":"https:\/\/www.samskip.is\/en\/wp-json\/wp\/v2\/tags?post=44161692"}],"curies":[{"name":"wp","href":"https:\/\/api.w.org\/{rel}","templated":true}]}}