{"id":56698986,"date":"2025-01-14T16:55:27","date_gmt":"2025-01-14T16:55:27","guid":{"rendered":"https:\/\/en.samskip.webdev.is\/?p=56698986"},"modified":"2025-01-14T16:55:27","modified_gmt":"2025-01-14T16:55:27","slug":"samskip-og-matrans-i-mikilvaegt-samstarf-2","status":"publish","type":"post","link":"https:\/\/www.samskip.is\/en\/blog\/2025\/01\/14\/samskip-og-matrans-i-mikilvaegt-samstarf-2\/","title":{"rendered":"Samskip og Matrans \u00ed mikilv\u00e6gt samstarf"},"content":{"rendered":"<p><strong>N\u00fd skipaafgrei\u00f0sla Samskipa &#8211; gj\u00f6rbyltir sj\u00e1lfb\u00e6rum flutningum me\u00f0 h\u00e1\u00fer\u00f3a\u00f0ri skipaafgrei\u00f0slu \u00ed hjarta hafnarsv\u00e6\u00f0isins \u00ed Rotterdam<\/strong>\u00a0<\/p>\n<p>Fr\u00e1 og me\u00f0 27. jan\u00faar nk. flytur Samskip sig um set \u00ed Rotterdam til Matrans Rotterdam Terminal, sem er \u00fej\u00f3nustu- og v\u00f6ruh\u00fasaa\u00f0ili sta\u00f0settur \u00ed hjarta hafnarsv\u00e6\u00f0isins \u00ed Rotterdam. \u00de\u00e1 mun Helgafell ver\u00f0a fyrsta skip Samskipa sem leggur a\u00f0 hj\u00e1 Matrans. \u00a0<br \/>\u00a0<br \/>Matrans \u00a0b\u00fd\u00f0ur upp \u00e1 alhli\u00f0a \u00fej\u00f3nustu til a\u00f0 \u00fej\u00f3nusta sem best s\u00edna vi\u00f0skiptavini. Me\u00f0 samstarfinu opnast \u00e1 mikilv\u00e6g t\u00e6kif\u00e6ri me\u00f0 stafr\u00e6num og sj\u00e1lfvirkum ferlum sem leysa fl\u00f3knar flutningskr\u00f6fur vi\u00f0skiptavina og auka afk\u00f6st \u00e1 sama t\u00edma. Matrans leggur \u00e1herslu \u00e1 umhverfism\u00e1l, s\u00fdnileika, eftirlit og uppl\u00fdsingar um alla vir\u00f0iske\u00f0juna til a\u00f0 tryggja h\u00e1marks \u00e1rangur \u00ed \u00e1\u00e6tlanager\u00f0 og einfalda um lei\u00f0 rekstur sem dregur \u00far kostna\u00f0i og t\u00edma \u00ed tengslum vi\u00f0 flutninga vi\u00f0skiptavina okkar.<\/p>\n<p>\u00deessi t\u00edmam\u00f3t marka mikilv\u00e6gt skref \u00ed samstarfi fyrirt\u00e6kjanna sem og skuldbindingu Samskipa \u00ed \u00e1tt a\u00f0 sj\u00e1lfb\u00e6rni og \u00e1rei\u00f0anlegri \u00fej\u00f3nustu vi\u00f0 vi\u00f0skiptavini. Vi\u00f0 flutninginn ver\u00f0a tengingar vi\u00f0 st\u00e6rri siglingalei\u00f0ir mun betri, eins og tengingar til Eystrasaltslandanna, Sp\u00e1nar, Port\u00fagals og Noregs \u00e1samt \u00fev\u00ed a\u00f0 sterkir innvi\u00f0ir hj\u00e1 Matrans stu\u00f0la a\u00f0 b\u00e6ttri \u00fej\u00f3nustu og t\u00edmasparna\u00f0i fyrir vi\u00f0skiptavini Samskipa. \u00de\u00e1 opnast einnig betri m\u00f6guleikar \u00e1 skipa- og prammasiglingum um skur\u00f0i og vatnalei\u00f0ir milli landa innan Evr\u00f3pu. Me\u00f0 samblandi \u00a0v\u00f6ruflutninga me\u00f0 skipum, lestum og um vegi er stu\u00f0la\u00f0 a\u00f0 t\u00edmanlegri afhendingu um alla Evr\u00f3pu sem dregur \u00far fl\u00f6skuh\u00e1lsum og \u00f3hagkv\u00e6mni \u00ed allri a\u00f0fangake\u00f0junni fyrir vi\u00f0skiptavini Samskipa, og sty\u00f0ur jafnframt um lei\u00f0 vi\u00f0 markmi\u00f0 og a\u00f0ger\u00f0ir Samskipa hva\u00f0 var\u00f0ar sj\u00e1lfb\u00e6rni. \u00a0<\/p>\n<h3 class=\"wp-block-heading\"><strong>Sj\u00e1lfb\u00e6rni skuldbinding Samskipa og Matrans<\/strong><\/h3>\n<p>Hj\u00e1 Matrans er einbl\u00ednt \u00e1 sj\u00e1lfb\u00e6rari lausnir til a\u00f0 kn\u00fdja \u00e1fram fj\u00f6l\u00fe\u00e1tta flutnings\u00fej\u00f3nustu Samskipa \u00e1samt rafv\u00e6\u00f0ingu farart\u00e6kja og n\u00fdtingu land- og s\u00f3larorku sem stu\u00f0lar a\u00f0 minni umhverfis\u00e1hrifum \u00ed starfsemi skipaafgrei\u00f0slunnar. Me\u00f0 \u00fev\u00ed a\u00f0 stu\u00f0la\u00f0 s\u00e9 a\u00f0 hra\u00f0ari og \u00e1rei\u00f0anlegri flutningst\u00edmum fyrir g\u00e1maflutninga mun \u00fea\u00f0 fela \u00ed s\u00e9r l\u00e6gsta m\u00f6gulega kolefnisf\u00f3tspor og losun CO\u2082 sem er \u00ed samr\u00e6mi vi\u00f0 skuldbindingu b\u00e6\u00f0i Samskipa og Matrans vi\u00f0 sj\u00e1lfb\u00e6rnim\u00e1l.\u00a0<\/p>\n<p>Uppl\u00fdsingar um afhendingarheimilisfang (flutningsfyrirm\u00e6li) fyrir lausav\u00f6ru og heilg\u00e1ma \u00e1samt lokunart\u00edma fyrir Rotterdam m\u00e1 finna \u00e1 <a href=\"https:\/\/www.samskip.is\/flutningar\/hafnir\/\" rel=\"noreferrer noopener\" target=\"_blank\">www.samskip.is<\/a>. H\u00e9r m\u00e1 einnig finna uppf\u00e6r\u00f0a <a href=\"https:\/\/www.samskip.is\/flutningar\/rauntimakort\/aaetlun-naestu-vikna\/\">siglinga\u00e1\u00e6tlun Samskipa<\/a>.\u00a0<\/p>\n<p>Starfsf\u00f3lk \u00a0Samskipa \u00e1 \u00cdslandi \u00e1samt starfsf\u00f3lki Samskipa \u00ed Hollandi munu uppl\u00fdsa vi\u00f0skiptavini og birgja erlendis um breytingarnar eins og vi\u00f0 \u00e1.\u00a0<\/p>\n<div class=\"wp-block-columns is-layout-flex wp-container-core-columns-is-layout-9d6595d7 wp-block-columns-is-layout-flex\">\n<div class=\"wp-block-column is-layout-flow wp-block-column-is-layout-flow\">\n<p><strong>Heimilisfang: G\u00e1mar og v\u00f6rur<\/strong><br \/>Matrans Rotterdam Terminal <br \/>Reeweg 25<br \/>Port nr. 2750<br \/>3089 KM Rotterdam<\/p>\n<p><strong>Opnunart\u00edmar:<\/strong><br \/>M\u00e1n-f\u00f6s kl. 06:00\u201322:30<br \/>Laugard kl. 06:00\u201314:00<\/p>\n<\/div>\n<div class=\"wp-block-column is-layout-flow wp-block-column-is-layout-flow\">\n<p><strong>Heimilsfang: B\u00edlar &amp; heilfarmur<\/strong><br \/>Matrans Rotterdam Terminal<br \/>Streefwaalseweg 15<br \/>Port nr. 2810<br \/>3195 KN Rotterdam-Pernis \u00a0<\/p>\n<p><strong>Opnunart\u00edmar:<\/strong><br \/>M\u00e1n-f\u00f6s kl. 07:00\u201319:30<\/p>\n<\/div>\n<\/div>\n<p><strong>Skemmtilegar sta\u00f0reyndir um h\u00f6fnina \u00ed Rotterdam: \u00a0<\/strong>\u00a0<\/p>\n<ul class=\"wp-block-list\">\n<li><strong>\u00b7<\/strong> er gr\u00ed\u00f0arlega st\u00f3r g\u00e1tt (gateway) fyrir v\u00f6rur b\u00e6\u00f0i inn og \u00fat \u00far Evr\u00f3pu<\/li>\n<li><strong>\u00b7<\/strong> n\u00e6r yfir 40 k\u00edl\u00f3metra sv\u00e6\u00f0i og n\u00e6r yfir 10.500 hektara lands og vatns<\/li>\n<li><strong>\u00b7<\/strong> notar h\u00e1\u00fer\u00f3a\u00f0a t\u00e6kni, \u00fear \u00e1 me\u00f0al sj\u00e1lfvirka krana og r\u00f3b\u00f3ta til a\u00f0 me\u00f0h\u00f6ndla g\u00e1ma \u00e1 skilvirkan h\u00e1tt<\/li>\n<li><strong>\u00b7<\/strong> tekur virkan \u00fe\u00e1tt \u00ed a\u00f0 draga \u00far losun og stu\u00f0la a\u00f0 sj\u00e1lfb\u00e6rum siglingum, eins og notkun l\u00edfeldsneytis<br \/>   (biofuel) og rafmagns fr\u00e1 landi til skipa vi\u00f0 bryggju (e. shore-side electricity)<\/li>\n<li><strong>\u00b7<\/strong> er \u00ed fararbroddi \u00ed stafr\u00e6nni v\u00e6\u00f0ingu \u00ed h\u00f6fnum me\u00f0 hina \u00fdmsu snjallt\u00e6kni til a\u00f0 h\u00e1marka flutninga<\/li>\n<li><strong>\u00b7<\/strong> me\u00f0h\u00f6ndlar yfir 400 millj\u00f3nir tonna af farmi \u00e1rlega, \u00fear \u00e1 me\u00f0al g\u00e1ma, lausav\u00f6ru og orku au\u00f0lindir<\/li>\n<li><strong>\u00b7<\/strong> tengist yfir 1.000 h\u00f6fnum um allan heim, sem tryggir a\u00f0 h\u00fan s\u00e9 \u00e1fram mi\u00f0l\u00e6g mi\u00f0st\u00f6\u00f0 (e. Central hub) fyrir<br \/>   al\u00fej\u00f3\u00f0leg vi\u00f0skipti<\/li>\n<\/ul>\n<p><strong>Vefs\u00ed\u00f0a Matrans:<\/strong> <a href=\"https:\/\/www.matransrotterdamterminal.com\/\" rel=\"noreferrer noopener\" target=\"_blank\">www.matransrotterdamterminal.com<\/a><\/p>\n","protected":false},"excerpt":{"rendered":"<p>N\u00fd skipaafgrei\u00f0sla Samskipa &#8211; gj\u00f6rbyltir sj\u00e1lfb\u00e6rum flutningum me\u00f0 h\u00e1\u00fer\u00f3a\u00f0ri skipaafgrei\u00f0slu \u00ed hjarta hafnarsv\u00e6\u00f0isins \u00ed Rotterdam\u00a0 Fr\u00e1 og me\u00f0 27. jan\u00faar nk. flytur Samskip sig um set \u00ed Rotterdam til Matrans [&hellip;]<\/p>\n","protected":false},"author":14,"featured_media":1290845953,"comment_status":"closed","ping_status":"closed","sticky":false,"template":"","format":"standard","meta":{"_acf_changed":false,"footnotes":""},"categories":[32],"tags":[],"class_list":["post-56698986","post","type-post","status-publish","format-standard","has-post-thumbnail","hentry","category-frettir"],"acf":[],"_links":{"self":[{"href":"https:\/\/www.samskip.is\/en\/wp-json\/wp\/v2\/posts\/56698986","targetHints":{"allow":["GET"]}}],"collection":[{"href":"https:\/\/www.samskip.is\/en\/wp-json\/wp\/v2\/posts"}],"about":[{"href":"https:\/\/www.samskip.is\/en\/wp-json\/wp\/v2\/types\/post"}],"author":[{"embeddable":true,"href":"https:\/\/www.samskip.is\/en\/wp-json\/wp\/v2\/users\/14"}],"replies":[{"embeddable":true,"href":"https:\/\/www.samskip.is\/en\/wp-json\/wp\/v2\/comments?post=56698986"}],"version-history":[{"count":0,"href":"https:\/\/www.samskip.is\/en\/wp-json\/wp\/v2\/posts\/56698986\/revisions"}],"wp:featuredmedia":[{"embeddable":true,"href":"https:\/\/www.samskip.is\/en\/wp-json\/"}],"wp:attachment":[{"href":"https:\/\/www.samskip.is\/en\/wp-json\/wp\/v2\/media?parent=56698986"}],"wp:term":[{"taxonomy":"category","embeddable":true,"href":"https:\/\/www.samskip.is\/en\/wp-json\/wp\/v2\/categories?post=56698986"},{"taxonomy":"post_tag","embeddable":true,"href":"https:\/\/www.samskip.is\/en\/wp-json\/wp\/v2\/tags?post=56698986"}],"curies":[{"name":"wp","href":"https:\/\/api.w.org\/{rel}","templated":true}]}}