{"id":62709537,"date":"2023-05-17T09:23:59","date_gmt":"2023-05-17T09:23:59","guid":{"rendered":"https:\/\/en.samskip.webdev.is\/?p=62709537"},"modified":"2023-05-17T09:23:59","modified_gmt":"2023-05-17T09:23:59","slug":"samskip-kynntu-thjonustu-sina-i-barselona","status":"publish","type":"post","link":"https:\/\/www.samskip.is\/en\/blog\/2023\/05\/17\/samskip-kynntu-thjonustu-sina-i-barselona\/","title":{"rendered":"Samskip kynntu \u00fej\u00f3nustu s\u00edna \u00ed Barsel\u00f3na"},"content":{"rendered":"<p><strong>Samskip kynntu \u00fej\u00f3nustu s\u00edna \u00ed Barsel\u00f3na<\/strong><\/p>\n<p>Samskip vill \u00feakka \u00f6llum sem litu vi\u00f0 \u00ed s\u00fdningarr\u00fdmi fyrirt\u00e6kisins \u00ed n\u00fdafsta\u00f0inni sj\u00e1var\u00fatvegss\u00fdningu \u00ed Barsel\u00f3na \u00e1 Sp\u00e1ni, Seafood Expo Global. Um er a\u00f0 r\u00e6\u00f0a st\u00e6rstu sj\u00e1var\u00fatvegss\u00fdningu heims, h\u00fan f\u00f3r fram \u00ed 29. sinn dagana 25. &#8211; 27. apr\u00edl. S\u00fdningin hefur aldrei veri\u00f0 st\u00e6rri og metfj\u00f6ldi s\u00f3tti hana heim.<\/p>\n<p>\u201eSamskip taka a\u00f0 sj\u00e1lfs\u00f6g\u00f0u \u00fe\u00e1tt \u00ed s\u00fdningunni, enda me\u00f0 langa og fars\u00e6la s\u00f6gu \u00fej\u00f3nustu vi\u00f0 \u00edslenskan sj\u00e1var\u00fatveg og a\u00f0ra flutninga um heim allan. S\u00fdningin er fr\u00e1b\u00e6rt t\u00e6kif\u00e6ri til a\u00f0 hittast og spjalla saman og kynna \u00fej\u00f3nustu okkar me\u00f0 beinum h\u00e6tti. H\u00e9r voru l\u00edklega sex til \u00e1tta hundru\u00f0 manns fr\u00e1 \u00cdslandi a\u00f0 kynna fyrirt\u00e6ki s\u00edn og \u00fej\u00f3nustu. \u00c9g vil l\u00edka \u00feakka \u00cdslandsstofu fyrir skipulagninguna,\u201c segir \u00de\u00f3runn Inga Ingjaldsd\u00f3ttir, forst\u00f6\u00f0uma\u00f0ur marka\u00f0s- og samskiptadeildar Samskipa.<\/p>\n<p>Sj\u00e1var\u00fatvegs\u00fdningin \u00ed Barsel\u00f3na er vettvangur alls hins besta og frams\u00e6knasta sem sj\u00e1var\u00fatvegsfyrirt\u00e6ki og fyrirt\u00e6ki sem \u00fej\u00f3nusta sj\u00e1var\u00fatveginn hafa upp \u00e1 a\u00f0 bj\u00f3\u00f0a. \u00deetta er \u00ed anna\u00f0 sinn sem s\u00fdningin er haldin \u00ed Barsel\u00f3na, en \u00feanga\u00f0 flutti h\u00fan fr\u00e1 Brussel \u00ed Belg\u00edu.<\/p>\n<p>S\u00fdningin f\u00f3r fram \u00ed Fira de Barcelona s\u00fdningarh\u00f6llinni, \u00fear sem h\u00fan lag\u00f0i undir sig r\u00fama 49 \u00fe\u00fasund fermetra. Seafood Expo Global fer n\u00e6st fram \u00ed Barsel\u00f3na 23. til 25. apr\u00edl 2024.<\/p>\n<p>Sj\u00e1 einnig heimas\u00ed\u00f0u sj\u00e1var\u00fatvegss\u00fdningarinnar: <a href=\"https:\/\/www.seafoodexpo.com\/global\/\" target=\"_blank\" rel=\"noopener\">https:\/\/www.seafoodexpo.com\/global\/<\/a>\u00a0<\/p>\n<p><em>H\u00e9r m\u00e1 sj\u00e1 nokkrar myndir fr\u00e1 s\u00fdningarr\u00fdmi Samskipa \u00e1 Seafood Expo Global.<\/em><\/p>\n<\/p>\n<figure class=\"wp-block-gallery has-nested-images columns-default is-cropped wp-block-gallery-1 is-layout-flex wp-block-gallery-is-layout-flex\">\n<figure class=\"wp-block-image size-large\"><img decoding=\"async\" alt=\"\" class=\"wp-image-13437\" data-id=\"13437\" height=\"1024\" src=\"https:\/\/www.samskip.is\/wp-content\/uploads\/sites\/9\/2023\/05\/barce9-768x1024.jpg\" width=\"768\" \/><\/figure>\n<figure class=\"wp-block-image size-large\"><img decoding=\"async\" alt=\"\" class=\"wp-image-13438\" data-id=\"13438\" height=\"1024\" src=\"https:\/\/www.samskip.is\/wp-content\/uploads\/sites\/9\/2023\/05\/barce4-768x1024.jpg\" width=\"768\" \/><\/figure>\n<figure class=\"wp-block-image size-large\"><img decoding=\"async\" alt=\"\" class=\"wp-image-13439\" data-id=\"13439\" height=\"1024\" src=\"https:\/\/www.samskip.is\/wp-content\/uploads\/sites\/9\/2023\/05\/barce1-768x1024.jpg\" width=\"768\" \/><\/figure>\n<figure class=\"wp-block-image size-large\"><img decoding=\"async\" alt=\"\" class=\"wp-image-13440\" data-id=\"13440\" height=\"768\" loading=\"lazy\" src=\"https:\/\/www.samskip.is\/wp-content\/uploads\/sites\/9\/2023\/05\/barce2-1024x768.jpg\" width=\"1024\" \/><\/figure>\n<\/figure>\n<figure class=\"wp-block-gallery has-nested-images columns-default is-cropped wp-block-gallery-2 is-layout-flex wp-block-gallery-is-layout-flex\"><\/figure>\n","protected":false},"excerpt":{"rendered":"<p>Samskip kynntu \u00fej\u00f3nustu s\u00edna \u00ed Barsel\u00f3na Samskip vill \u00feakka \u00f6llum sem litu vi\u00f0 \u00ed s\u00fdningarr\u00fdmi fyrirt\u00e6kisins \u00ed n\u00fdafsta\u00f0inni sj\u00e1var\u00fatvegss\u00fdningu \u00ed Barsel\u00f3na \u00e1 Sp\u00e1ni, Seafood Expo Global. Um er a\u00f0 r\u00e6\u00f0a [&hellip;]<\/p>\n","protected":false},"author":14,"featured_media":947669271,"comment_status":"closed","ping_status":"closed","sticky":false,"template":"","format":"standard","meta":{"_acf_changed":false,"footnotes":""},"categories":[32],"tags":[],"class_list":["post-62709537","post","type-post","status-publish","format-standard","has-post-thumbnail","hentry","category-frettir"],"acf":[],"_links":{"self":[{"href":"https:\/\/www.samskip.is\/en\/wp-json\/wp\/v2\/posts\/62709537","targetHints":{"allow":["GET"]}}],"collection":[{"href":"https:\/\/www.samskip.is\/en\/wp-json\/wp\/v2\/posts"}],"about":[{"href":"https:\/\/www.samskip.is\/en\/wp-json\/wp\/v2\/types\/post"}],"author":[{"embeddable":true,"href":"https:\/\/www.samskip.is\/en\/wp-json\/wp\/v2\/users\/14"}],"replies":[{"embeddable":true,"href":"https:\/\/www.samskip.is\/en\/wp-json\/wp\/v2\/comments?post=62709537"}],"version-history":[{"count":0,"href":"https:\/\/www.samskip.is\/en\/wp-json\/wp\/v2\/posts\/62709537\/revisions"}],"wp:featuredmedia":[{"embeddable":true,"href":"https:\/\/www.samskip.is\/en\/wp-json\/"}],"wp:attachment":[{"href":"https:\/\/www.samskip.is\/en\/wp-json\/wp\/v2\/media?parent=62709537"}],"wp:term":[{"taxonomy":"category","embeddable":true,"href":"https:\/\/www.samskip.is\/en\/wp-json\/wp\/v2\/categories?post=62709537"},{"taxonomy":"post_tag","embeddable":true,"href":"https:\/\/www.samskip.is\/en\/wp-json\/wp\/v2\/tags?post=62709537"}],"curies":[{"name":"wp","href":"https:\/\/api.w.org\/{rel}","templated":true}]}}