{"id":64316827,"date":"2019-11-20T16:35:14","date_gmt":"2019-11-20T16:35:14","guid":{"rendered":"https:\/\/en.samskip.webdev.is\/?p=64316827"},"modified":"2019-11-20T16:35:14","modified_gmt":"2019-11-20T16:35:14","slug":"samskip-stodu-vaktina-a-sjavarutvegsradstefnunni-i-horpu","status":"publish","type":"post","link":"https:\/\/www.samskip.is\/en\/blog\/2019\/11\/20\/samskip-stodu-vaktina-a-sjavarutvegsradstefnunni-i-horpu\/","title":{"rendered":"Samskip st\u00f3\u00f0u vaktina \u00e1 Sj\u00e1var\u00fatvegsr\u00e1\u00f0stefnunni \u00ed H\u00f6rpu"},"content":{"rendered":"<p>\u00c1hugaver\u00f0ri og vel heppna\u00f0ri<br \/>\nSj\u00e1var\u00fatvegsr\u00e1\u00f0stefnu, \u00fear sem Samskip voru me\u00f0al bakhjarla og fyrirt\u00e6kja sem<br \/>\nkynntu starfsemi s\u00edna, lauk f\u00f6studaginn 8. n\u00f3vember s\u00ed\u00f0astli\u00f0inn. \u00cd \u00e1r var<br \/>\nhaldi\u00f0 upp \u00e1 t\u00edu \u00e1ra afm\u00e6li r\u00e1\u00f0stefnunnar og af \u00fev\u00ed tilefni var s\u00e9rst\u00f6k \u00e1hersla<br \/>\n\u00e1 h\u00f6nnun kynningarefnis og kynningar \u00e1 r\u00e1\u00f0stefnunni.<\/p>\n<p>Fj\u00f6lmargir notu\u00f0u t\u00e6kif\u00e6ri\u00f0 og<br \/>\nst\u00f6ldru\u00f0u vi\u00f0 \u00ed kynningarb\u00e1s Samskipa \u00e1 r\u00e1\u00f0stefnunni, enda veita Samskip<br \/>\nfyrirt\u00e6kjum \u00ed sj\u00e1var\u00fatvegi mikilv\u00e6ga \u00fej\u00f3nustu vi\u00f0 \u00fatflutning \u00e1 afur\u00f0um s\u00ednum,<br \/>\nauk alls annars inn- og \u00fatflutnings sem fyrirt\u00e6ki\u00f0 annast. \u00cd b\u00e1snum t\u00f3ku vel \u00e1<br \/>\nm\u00f3ti gestum \u00fe\u00e6r Steinunn J\u00f3nasd\u00f3ttir fr\u00e1 marka\u00f0sdeild Samskipa og Hei\u00f0r\u00fan<br \/>\nArnsteinsd\u00f3ttir fr\u00e1 \u00fatflutningsdeild.<\/p>\n<p>Samskip veita s\u00e9rh\u00e6f\u00f0a \u00fej\u00f3nustu<br \/>\nvi\u00f0 flutning \u00e1 vi\u00f0kv\u00e6mri k\u00e6liv\u00f6ru l\u00edkt og me\u00f0 v\u00ed\u00f0fe\u00f0mu flutninganeti til Evr\u00f3pu<br \/>\nog um heim allan er fyrirt\u00e6ki\u00f0 \u00ed afbur\u00f0ast\u00f6\u00f0u til a\u00f0 veita<br \/>\nsj\u00e1var\u00fatvegsfyrirt\u00e6kjum \u00fe\u00e1 \u00fej\u00f3nustu sem \u00fearf til a\u00f0 tryggja afhendingu \u00e1<br \/>\ng\u00e6\u00f0av\u00f6ru inn \u00e1 erlenda marka\u00f0i. \u00cd \u00feeim efnum hafa g\u00e1maflutningar me\u00f0 ferskan<br \/>\nfisk til Evr\u00f3pu veri\u00f0 \u00ed st\u00f3rs\u00f3kn og hafa Samskip me\u00f0al annars laga\u00f0<br \/>\nflutningakerfi sitt a\u00f0 \u00feeirri \u00fer\u00f3un, og hafa a\u00f0 bj\u00f3\u00f0a b\u00e6\u00f0i \u00feann sveigjanleika<br \/>\nog \u00f6ryggi sem \u00fearf til a\u00f0 koma k\u00e6liv\u00f6ru b\u00e6\u00f0i hratt og \u00f6rugglega \u00e1 erlenda<br \/>\nmarka\u00f0i.<\/p>\n<p>\u00c1hugasamir um r\u00e1\u00f0stefnuna geta<br \/>\nkynnt s\u00e9r hana \u00e1 vef hennar, <a href=\"http:\/\/www.sjavarutvegsradstefnan.is\" target=\"_blank\" rel=\"noopener\">www.sjavarutvegsradstefnan.is<\/a>,<br \/>\nen h\u00fan fer einnig fram \u00ed H\u00f6rpu \u00e1 n\u00e6sta \u00e1ri, dagana 19. \u2013 20. n\u00f3vember.<\/p>\n","protected":false},"excerpt":{"rendered":"<p>\u00c1hugaver\u00f0ri og vel heppna\u00f0ri Sj\u00e1var\u00fatvegsr\u00e1\u00f0stefnu, \u00fear sem Samskip voru me\u00f0al bakhjarla og fyrirt\u00e6kja sem kynntu starfsemi s\u00edna, lauk f\u00f6studaginn 8. n\u00f3vember s\u00ed\u00f0astli\u00f0inn. \u00cd \u00e1r var haldi\u00f0 upp \u00e1 t\u00edu \u00e1ra [&hellip;]<\/p>\n","protected":false},"author":14,"featured_media":967351585,"comment_status":"closed","ping_status":"closed","sticky":false,"template":"","format":"standard","meta":{"_acf_changed":false,"footnotes":""},"categories":[32],"tags":[],"class_list":["post-64316827","post","type-post","status-publish","format-standard","has-post-thumbnail","hentry","category-frettir"],"acf":[],"_links":{"self":[{"href":"https:\/\/www.samskip.is\/en\/wp-json\/wp\/v2\/posts\/64316827","targetHints":{"allow":["GET"]}}],"collection":[{"href":"https:\/\/www.samskip.is\/en\/wp-json\/wp\/v2\/posts"}],"about":[{"href":"https:\/\/www.samskip.is\/en\/wp-json\/wp\/v2\/types\/post"}],"author":[{"embeddable":true,"href":"https:\/\/www.samskip.is\/en\/wp-json\/wp\/v2\/users\/14"}],"replies":[{"embeddable":true,"href":"https:\/\/www.samskip.is\/en\/wp-json\/wp\/v2\/comments?post=64316827"}],"version-history":[{"count":0,"href":"https:\/\/www.samskip.is\/en\/wp-json\/wp\/v2\/posts\/64316827\/revisions"}],"wp:featuredmedia":[{"embeddable":true,"href":"https:\/\/www.samskip.is\/en\/wp-json\/"}],"wp:attachment":[{"href":"https:\/\/www.samskip.is\/en\/wp-json\/wp\/v2\/media?parent=64316827"}],"wp:term":[{"taxonomy":"category","embeddable":true,"href":"https:\/\/www.samskip.is\/en\/wp-json\/wp\/v2\/categories?post=64316827"},{"taxonomy":"post_tag","embeddable":true,"href":"https:\/\/www.samskip.is\/en\/wp-json\/wp\/v2\/tags?post=64316827"}],"curies":[{"name":"wp","href":"https:\/\/api.w.org\/{rel}","templated":true}]}}