{"id":78845942,"date":"2020-11-13T13:38:59","date_gmt":"2020-11-13T13:38:59","guid":{"rendered":"https:\/\/en.samskip.webdev.is\/?p=78845942"},"modified":"2020-11-13T13:38:59","modified_gmt":"2020-11-13T13:38:59","slug":"eldhugi-med-fjolda-ahugamala","status":"publish","type":"post","link":"https:\/\/www.samskip.is\/en\/blog\/2020\/11\/13\/eldhugi-med-fjolda-ahugamala\/","title":{"rendered":"Eldhugi me\u00f0 fj\u00f6lda \u00e1hugam\u00e1la"},"content":{"rendered":"<p><strong>J\u00f3n Ingi \u00derastarson er stj\u00f3rnandi hj\u00e1 Samskipum \u00ed Rotterdam. \u00dear st\u00fdrir hann \u00fej\u00f3nustu Samskipa fyrir \u00cdslenska marka\u00f0inn og F\u00e6reyjar. Hann fer fyrir fj\u00f6lbreyttum og skemmtilegum h\u00f3pi samstarfsf\u00f3lks \u00ed \u00c1r\u00f3sum, Hull, Rotterdam, Varbergi og Cuxhaven. \u00c1\u00f0ur var J\u00f3n Ingi vi\u00f0skiptastj\u00f3ri hj\u00e1 \u00fatflutningssvi\u00f0i Samskipa \u00ed Reykjav\u00edk en hefur s\u00ed\u00f0ustu \u00ferj\u00fa \u00e1r b\u00fai\u00f0 \u00ed Rotterdam. Hann \u00e1 konu og eina litla st\u00falku sem b\u00faa me\u00f0 honum \u00fear \u00fati.<\/strong><\/p>\n<p>J\u00f3n Ingi var alveg til \u00ed a\u00f0 koma \u00ed stutt spjall svo a\u00f0 kynna m\u00e6tti hann betur. Hann segir smellpassa vi\u00f0 sig a\u00f0 starfa hj\u00e1 Samskipum enda hafi hugur hans lengi leita\u00f0 \u00fat fyrir landsteinana.<\/p>\n<p>\u201e\u00cd H\u00e1sk\u00f3lanum \u00e1 Bifr\u00f6st l\u00e6r\u00f0i \u00e9g vi\u00f0skiptafr\u00e6\u00f0i \u00ed al\u00fej\u00f3\u00f0legu deildinni, \u00fear sem n\u00e1mi\u00f0 f\u00f3r allt fram \u00e1 ensku og skiptinemarnir voru me\u00f0 okkur \u00ed t\u00edmum. \u00c9g n\u00fdtti l\u00edka t\u00e6kif\u00e6ri\u00f0 \u00e1 me\u00f0an \u00e9g var \u00e1 Bifr\u00f6st og f\u00f3r \u00ed skiptin\u00e1m til Sjangha\u00ed \u00ed K\u00edna,\u201c segir J\u00f3n Ingi. \u00deegar hann svo fr\u00e9tti a\u00f0 hj\u00e1 Samskipum v\u00e6ri laus sta\u00f0a sl\u00f3 hann til og s\u00f3tti um. \u201e\u00c1 \u00feeim t\u00edma \u00feekkti \u00e9g a\u00f0eins til Samskipa, en mig \u00f3ra\u00f0i ekki fyrir \u00fev\u00ed hva\u00f0 Samskip eru \u00ed rauninni st\u00f3r utan landsteinanna.\u201c<\/p>\n<p>\u00deegar J\u00f3n Ingi h\u00f3f st\u00f6rf hj\u00e1 Samskipum haf\u00f0i hann n\u00fdloki\u00f0 vi\u00f0skiptafr\u00e6\u00f0i vi\u00f0 H\u00e1sk\u00f3lann \u00e1 Bifr\u00f6st og fagna\u00f0i \u00fev\u00ed vegna \u00e1huga \u00e1 al\u00fej\u00f3\u00f0legu umhverfi a\u00f0 f\u00e1 st\u00f6\u00f0u vi\u00f0 \u00fatflutning \u00fear sem samskipti vi\u00f0 erlendar hafnir og byrgja skiptu miklu, og hj\u00e1 svona st\u00f3ru og r\u00f3tgr\u00f3nu fyrirt\u00e6ki me\u00f0 starfst\u00f6\u00f0var um allan heim.<\/p>\n<p><strong>Byrja\u00f0i \u00e1 \u00feri\u00f0judegi<\/strong><\/p>\n<p>\u201e\u00c9g h\u00f3f st\u00f6rf hj\u00e1 Samskipum \u00e1 \u00feri\u00f0judegi \u00ed desember \u00e1ri\u00f0 2013. \u00c9g man a\u00f0 \u00feetta var \u00feri\u00f0judagur \u00fev\u00ed fr\u00e6nka m\u00edn, sem \u00fe\u00e1 vann hj\u00e1 Samskipum, benti m\u00e9r \u00e1 a\u00f0 \u00fea\u00f0 v\u00e6ri j\u00f3labo\u00f0 \u00e1 f\u00f6studeginum r\u00e9tt fyrir m\u00e1na\u00f0arm\u00f3tin og \u00e9g \u00e1tti a\u00f0 byrja \u00e1 m\u00e1nudeginum eftir j\u00f3labo\u00f0i\u00f0. \u00c9g spur\u00f0i hvort \u00e9g g\u00e6ti ekki fengi\u00f0 a\u00f0 byrja \u00e1 f\u00f6studegi \u00ed sta\u00f0 m\u00e1nudags \u00fev\u00ed yfir \u00fev\u00ed v\u00e6ri \u00f3lukka a\u00f0 byrja \u00ed n\u00fdrri vinnu \u00e1 m\u00e1nudegi.\u201c Haf\u00f0i hann \u00fear \u00ed huga vel \u00feekkt m\u00e1lt\u00e6ki um a\u00f0 m\u00e1nudagar v\u00e6ru til m\u00e6\u00f0u. \u201eEn \u00fev\u00ed mi\u00f0ur var Gunni Kvaran of upptekinn \u00e1 f\u00f6studeginum s\u00f6kum j\u00f3labo\u00f0sins og gat ekki teki\u00f0 \u00e1 m\u00f3ti m\u00e9r \u00fe\u00e1. \u00deetta gekk \u00fev\u00ed ekki alveg upp og \u00e9g byrja\u00f0i \u00e1 \u00feri\u00f0judegi \u00ed sta\u00f0 m\u00e1nudags.\u201c<\/p>\n<p>S\u00ed\u00f0an var \u00fea\u00f0 \u00e1 \u00e1rinu 2017 sem J\u00f3ni Inga bau\u00f0st a\u00f0 flytja sig \u00e1 erlenda starfsst\u00f6\u00f0. \u201e\u00c9g er \u00e1kaflega \u00feakkl\u00e1tur fyrir a\u00f0 hafa fengi\u00f0 \u00feetta t\u00e6kif\u00e6ri. Vi\u00f0 J\u00f3hanna, konan m\u00edn sem \u00fe\u00e1 var k\u00e6rastan m\u00edn, fluttum tv\u00f6 \u00fat til Rotterdam.\u201c \u00c1 \u00feeim t\u00edma hafi \u00feau ekki vita\u00f0 miki\u00f0 um borgina, en h\u00fan hafi svo algj\u00f6rlega heilla\u00f0 \u00feau upp \u00far sk\u00f3num. \u201eH\u00fan er til d\u00e6mis einhvern veginn allt \u00f6\u00f0ruv\u00edsi en Amsterdam. Rotterdam f\u00f3r mj\u00f6g illa \u00fat \u00far seinni heimstyrj\u00f6ldinni og er \u00fev\u00ed me\u00f0 miki\u00f0 af skemmtilegum arkitekt\u00far eftir mikla uppbyggingu s\u00ed\u00f0ustu \u00e1r.\u201c \u00cd jan\u00faar 2019 kom svo til st\u00e6kkunar \u00ed fj\u00f6lskyldunni. \u201e\u00dea\u00f0 kom \u00ed heiminn l\u00edtil dama, f\u00e6dd h\u00e9r \u00ed Rotterdam, og erum vi\u00f0 b\u00fain a\u00f0 koma okkur einstaklega vel fyrir \u00ed borginni og l\u00ed\u00f0ur mj\u00f6g vel\u201c b\u00e6tir J\u00f3n Ingi vi\u00f0.<\/p>\n<p><strong>Hefur lengi hj\u00f3la\u00f0<\/strong><\/p>\n<p>J\u00f3n Ingi hefur alla t\u00ed\u00f0 veri\u00f0 mj\u00f6g virkur og \u00e1 fj\u00f6lda \u00e1hugam\u00e1la. \u201e\u00c9g hef aldrei \u00e1tt erfitt me\u00f0 a\u00f0 finna \u00e1hugam\u00e1l, \u00fea\u00f0 er helst t\u00edmaskortur sem hamlar \u00fev\u00ed a\u00f0 ma\u00f0ur n\u00e1i a\u00f0 sinna \u00feeim \u00f6llum.\u201c Hann hefur alla t\u00ed\u00f0 hj\u00f3la\u00f0. \u201e\u00deegar \u00e9g var l\u00edtill voru \u00fea\u00f0 rei\u00f0hj\u00f3l, en svo t\u00f3k krossarinn vi\u00f0 og n\u00fa aftur rei\u00f0hj\u00f3l.\u201c S\u00e1 \u00e1hugi f\u00f3r \u00e1 flug \u00feegar J\u00f3n Ingi h\u00f3f st\u00f6rf hj\u00e1 Samskipum en hann hj\u00f3la\u00f0i \u00ed vinnuna flesta daga.<\/p>\n<p>\u201eSeinna meir var \u00e1kve\u00f0i\u00f0 a\u00f0 taka \u00fe\u00e1tt \u00ed WOW Cyclothon sem er m\u00f6gnu\u00f0 upplifun!\u201c Hann hefur \u00ferisvar teki\u00f0 \u00fe\u00e1tt og alltaf fundist jafn gaman. \u201eFyrsta skipti\u00f0 var \u00fe\u00f3 held \u00e9g mesta klikkunin, enda vissi ma\u00f0ur svo sem ekki \u00fat \u00ed hva\u00f0 ma\u00f0ur v\u00e6ri a\u00f0 fara.\u201c Undirb\u00faningur fyrir keppnina var g\u00f3\u00f0ur og miki\u00f0 \u00e6ft, fari\u00f0 yfir skiptingar, b\u00edla, b\u00faingam\u00e1l og \u00f6ll matarm\u00e1l voru \u00ed toppstandi. \u201e\u00deegar loksins kom a\u00f0 keppninni var miki\u00f0 keppniskap og \u00ed hvert skipti sem var fari\u00f0 \u00fat a\u00f0 hj\u00f3la setti ma\u00f0ur allt \u00ed botn og \u00fea\u00f0 var bl\u00f3\u00f0brag\u00f0 \u00ed munni allan hringinn. \u00deegar vi\u00f0 loksins komum \u00ed mark var fagna\u00f0. \u00c9g man a\u00f0 \u00e9g sofna\u00f0i \u00ed s\u00f3fanum heima hj\u00e1 Inga \u00de\u00f3r strax eftir kv\u00f6ldmatinn, f\u00f3r svo heim og svaf \u00f6rugglega \u00ed yfir 12 t\u00edma, vakna\u00f0i svo me\u00f0 sj\u00f3ri\u00f0u og l\u00e1 uppi \u00ed s\u00f3fa svo gott sem allan daginn alveg b\u00fainn \u00e1 \u00fev\u00ed.\u201c<\/p>\n<p>\u00cd keppninni 2018 f\u00e9kk li\u00f0 Samskipa svo li\u00f0sauka fr\u00e1 tveimur samstarfsm\u00f6nnum fr\u00e1 Hollandi. \u201e\u00dea\u00f0 var l\u00edka fr\u00e1b\u00e6r upplifun og s\u00e9rstaklega fyrir \u00fe\u00e1, enda er Holland eins flatt og \u00fea\u00f0 gerist.\u201c<\/p>\n<p>Fyrir utan hj\u00f3lrei\u00f0ar hefur J\u00f3n Ingi gaman af vei\u00f0i, jafnt stangvei\u00f0i sem skotvei\u00f0i. \u201eUndanfarin \u00ferj\u00fa sumur h\u00f6fum vi\u00f0 fari\u00f0 heim og \u00fe\u00e1 hef \u00e9g n\u00fdtt t\u00e6kif\u00e6ri\u00f0 og svala\u00f0 vei\u00f0i\u00fe\u00f6rfinni. Eins hef \u00e9g n\u00e1\u00f0 tveimur rj\u00fapnavei\u00f0it\u00edmabilum.\u201c \u00deess \u00e1 milli segist hann fara reglulega \u00e1 skotsv\u00e6\u00f0i \u00ed Den Haag a\u00f0 \u00e6fa sig.<\/p>\n<p><strong>Las \u00ed lestinni<\/strong><\/p>\n<p>\u201eL\u00edkamsr\u00e6kt hefur l\u00edka \u00e1tt hug minn lengi. \u00c9g var CrossFit \u00fej\u00e1lfari \u00ed nokkur \u00e1r og \u00e6fi \u00fea\u00f0 enn me\u00f0 konunni en CrossFit er fr\u00e1b\u00e6r lei\u00f0 til a\u00f0 kynnast n\u00fdju f\u00f3lki, a\u00f0 ma\u00f0ur tali n\u00fa ekki um \u00ed n\u00fdju landi. CrossFit m\u00e1 kalla f\u00e9lagsmi\u00f0st\u00f6\u00f0 fyrir fullor\u00f0na.\u201c \u00deessi \u00e1hugi \u00e1 heilsur\u00e6kt og \u00e1hersla \u00feeirra hj\u00f3na \u00e1 a\u00f0 hugsa vel um heilsuna segir J\u00f3n Ingi a\u00f0 hafi komi\u00f0 s\u00e9r vil \u00feegar \u00feau fluttu fyrst \u00fat. \u201e\u00de\u00e1 kom \u00ed lj\u00f3s sm\u00e1vandam\u00e1l vegna \u00feess hve bj\u00f3rinn var \u00f3d\u00fdr og nokkur aukak\u00edl\u00f3 b\u00e6ttust \u00e1 belginn fyrstu m\u00e1nu\u00f0ina.\u201c \u00deau bor\u00f0a hins vegar alla jafna hollan mat og fara \u00e1 \u00e6fingu fj\u00f3rum til fimm sinnum \u00ed viku.<\/p>\n<p>J\u00f3n Ingi \u00fearf ekki a\u00f0 hugsa sig lengi um \u00feegar hann er spur\u00f0ur a\u00f0 \u00fev\u00ed hva\u00f0a b\u00f3k, e\u00f0a hugsu\u00f0ur, hafi haft mest \u00e1hrif \u00e1 hann \u00ed l\u00edfi og starfi. \u201e\u00c9g hef aldrei lesi\u00f0 jafn miki\u00f0 m\u00e9r til skemmtunar og \u00feegar \u00e9g var \u00ed K\u00edna og fer\u00f0a\u00f0ist milli landshluta \u00ed lestum. \u00dear er eftirminnilegust Alkemistinn, en \u00ed seinni t\u00ed\u00f0 hef \u00e9g miki\u00f0 hlusta\u00f0 \u00e1 hlj\u00f3\u00f0b\u00e6kur \u00feegar \u00e9g er einn \u00ed b\u00edlnum \u00e1 lei\u00f0 \u00ed e\u00f0a \u00far vinnu. \u00dear stendur n\u00e6st a\u00f0 nefna Dale Carnegie, <em>How to Win Friends &amp; Influence People<\/em>, sem er \u00f3tr\u00falega g\u00f3\u00f0 b\u00f3k og svo vi\u00f0eigandi jafnvel eftir allan \u00feennan t\u00edma, en h\u00fan var fyrst gefin \u00fat \u00e1ri\u00f0 1936.\u201c<\/p>\n<p>\u00dea\u00f0 koma hins vegar meiri v\u00f6flur \u00e1 hann \u00feegar hann \u00fearf a\u00f0 nefna hver myndi leika hann \u00ed kvikmynd. \u201eEn ef \u00e9g m\u00e6tti velja hvern sem er, \u00fe\u00e1 v\u00e6ri \u00fea\u00f0 l\u00edklega Daniel Day Lewis. Hann er bestur \u00ed a\u00f0 skila af s\u00e9r mismunandi hlutverkum. En \u00feetta er erfi\u00f0 spurning.\u201c<\/p>\n<p><strong>N\u00fdtur s\u00edn \u00ed vinnunni<\/strong><\/p>\n<p>Ef J\u00f3n Ingi m\u00e6tti sinna hva\u00f0a starfi sem v\u00e6ri \u00ed eina viku \u00fe\u00e1 segist hann myndu vilja fara \u00e1 sj\u00f3 \u00ed viku. \u201e\u00dea\u00f0 a\u00f0 vera f\u00e6ddur \u00e1 Sau\u00f0\u00e1rkr\u00f3ki og alinn upp \u00e1 Akranesi en hafa aldrei veri\u00f0 til sj\u00f3s er n\u00e1tt\u00farlega eitthva\u00f0 sem \u00feyrfti a\u00f0 laga,\u201c segir hann og hl\u00e6r.<\/p>\n<p>Hann er annars mj\u00f6g lukkulegur \u00ed sinni vinnu og segir hana einstaklega fj\u00f6lbreytta og skemmtilega. \u201e\u00dea\u00f0 er n\u00e1nast enginn dagur eins. \u00deetta er klisja, en \u00fe\u00e6r eru oft sannar. Einna skemmtilegast er \u00fe\u00f3 hva\u00f0 \u00feetta er \u00e1\u00fereifanlegt og ma\u00f0ur s\u00e9r \u00e1rangur erfi\u00f0isins. Vi\u00f0 f\u00e1um bei\u00f0ni um a\u00f0 s\u00e6kja v\u00f6ru alveg hinum megin \u00e1 hnettinum og koma henni til \u00cdslands og vi\u00f0 gr\u00e6jum \u00fea\u00f0 fr\u00e1 A-\u00d6.\u201c Hann segir skemmtilegt a\u00f0 sj\u00e1 alla ke\u00f0juna ganga upp, allt fr\u00e1 bei\u00f0ni um flutning \u00e1 skrifstofunni \u00ed K\u00edna, me\u00f0h\u00f6ndlun Rotterdam og vi\u00f0t\u00f6ku \u00e1 \u00cdslandi. \u201e\u00dearna s\u00e9r ma\u00f0ur m\u00e1tt li\u00f0sheildarinnar raungerast. Teymi\u00f0 okkar \u00ed Samskipum b\u00fdr yfir gr\u00ed\u00f0armikilli reynslu og \u00feekkingu. Margir me\u00f0 m\u00f6rg \u00e1r a\u00f0 baki og svo koma n\u00fdir inn me\u00f0 a\u00f0rar \u00e1herslur, en saman ver\u00f0ur til flott li\u00f0sheild.\u201c<\/p>\n<p>\u00c1skoranir tengdar starfinu segir hann helst a\u00f0 tengist ve\u00f0urfari. \u201eVe\u00f0ri\u00f0 getur sett strik \u00ed reikninginn \u00feegar flutt er vara til og fr\u00e1 eyju \u00ed mi\u00f0ju Atlantshafi. \u00dea\u00f0 getur veri\u00f0 krefjandi.\u201c J\u00f3n Ingi segir l\u00e6rd\u00f3msr\u00edkt a\u00f0 starfa \u00ed jafn kviku umhverfi og s\u00edfellt b\u00e6tist \u00ed reynslubankann \u00feegar tekist s\u00e9 \u00e1 vi\u00f0 mismunandi \u00e1skoranir \u00e1 vinnusta\u00f0num.<\/p>\n<p><strong>Voru \u00e1 \u00cdslandi \u00ed sumar<\/strong><\/p>\n<p>Ef hann hins vegar \u00e6tla\u00f0i a\u00f0 b\u00e6ta vi\u00f0 sig \u00ed n\u00e1mi \u00fe\u00e1 segir hann hugann leita \u00ed allt a\u00f0ra \u00e1tt. \u201e\u00c9g myndi \u00f6rugglega l\u00e6ra \u00e1 p\u00edan\u00f3. \u00c9g f\u00e9kk g\u00edtar a\u00f0 gj\u00f6f fr\u00e1 fj\u00f6lskyldunni og hef n\u00fdtt Covid-t\u00edmann til a\u00f0 l\u00e6ra \u00e1 hann.\u201c \u00dea\u00f0 er j\u00fa lengi h\u00e6gt a\u00f0 b\u00e6ta vi\u00f0 hj\u00e1 s\u00e9r \u00e1hugam\u00e1lum. \u201e\u00c9g fer \u00fe\u00f3 \u00f6rugglega \u00ed meistaran\u00e1m \u00e1\u00f0ur en \u00e9g l\u00e6ri \u00e1 p\u00edan\u00f3,\u201c b\u00e6tir hann vi\u00f0.<\/p>\n<p>En \u00fe\u00f3tt Covid hafi stutt vi\u00f0 t\u00f3nlistar\u00e1hugann segir J\u00f3n Ingi \u00feessa t\u00edma um margt hafa veri\u00f0 skr\u00edtna. \u201eMa\u00f0ur er bara \u00feakkl\u00e1tur fyrir a\u00f0 vera uppi \u00e1 t\u00edmum \u00fear sem vi\u00f0 erum me\u00f0 alla \u00feessa t\u00e6kni og h\u00e6gt a\u00f0 tala vi\u00f0 fj\u00f6lskyldu og vini \u00ed gegnum myndav\u00e9l. \u00c1n \u00feess v\u00e6ri \u00feetta allt mun erfi\u00f0ara.\u201c Fyrst eftir a\u00f0 fj\u00f6lskyldan flutti \u00fat segir hann a\u00f0 afar gestkv\u00e6mt hafi veri\u00f0 hj\u00e1 \u00feeim. \u201eH\u00e9r voru gestir annan hvern m\u00e1nu\u00f0, en n\u00fa hefur enginn kominn fr\u00e1 \u00cdslandi fr\u00e1 \u00fev\u00ed \u00ed byrjun febr\u00faar.\u201c \u00deetta hafi or\u00f0i\u00f0 til \u00feess a\u00f0 fj\u00f6lskyldan n\u00fdtti allt sitt sumarfr\u00ed \u00e1 \u00cdslandi. \u201eVi\u00f0 stoppu\u00f0um \u00ed heilar sex vikur og n\u00fdttum t\u00edmann vel. Vi\u00f0 keyr\u00f0um um landi\u00f0, f\u00f3rum a\u00f0 vei\u00f0a \u00ed Flj\u00f3tunum, sko\u00f0u\u00f0um Akureyri og hittum fj\u00f6lskyldu og vini.\u201c<\/p>\n","protected":false},"excerpt":{"rendered":"<p>J\u00f3n Ingi \u00derastarson er stj\u00f3rnandi hj\u00e1 Samskipum \u00ed Rotterdam. \u00dear st\u00fdrir hann \u00fej\u00f3nustu Samskipa fyrir \u00cdslenska marka\u00f0inn og F\u00e6reyjar. Hann fer fyrir fj\u00f6lbreyttum og skemmtilegum h\u00f3pi samstarfsf\u00f3lks \u00ed \u00c1r\u00f3sum, Hull, [&hellip;]<\/p>\n","protected":false},"author":14,"featured_media":861993732,"comment_status":"closed","ping_status":"closed","sticky":false,"template":"","format":"standard","meta":{"_acf_changed":false,"footnotes":""},"categories":[32],"tags":[],"class_list":["post-78845942","post","type-post","status-publish","format-standard","has-post-thumbnail","hentry","category-frettir"],"acf":[],"_links":{"self":[{"href":"https:\/\/www.samskip.is\/en\/wp-json\/wp\/v2\/posts\/78845942","targetHints":{"allow":["GET"]}}],"collection":[{"href":"https:\/\/www.samskip.is\/en\/wp-json\/wp\/v2\/posts"}],"about":[{"href":"https:\/\/www.samskip.is\/en\/wp-json\/wp\/v2\/types\/post"}],"author":[{"embeddable":true,"href":"https:\/\/www.samskip.is\/en\/wp-json\/wp\/v2\/users\/14"}],"replies":[{"embeddable":true,"href":"https:\/\/www.samskip.is\/en\/wp-json\/wp\/v2\/comments?post=78845942"}],"version-history":[{"count":0,"href":"https:\/\/www.samskip.is\/en\/wp-json\/wp\/v2\/posts\/78845942\/revisions"}],"wp:featuredmedia":[{"embeddable":true,"href":"https:\/\/www.samskip.is\/en\/wp-json\/"}],"wp:attachment":[{"href":"https:\/\/www.samskip.is\/en\/wp-json\/wp\/v2\/media?parent=78845942"}],"wp:term":[{"taxonomy":"category","embeddable":true,"href":"https:\/\/www.samskip.is\/en\/wp-json\/wp\/v2\/categories?post=78845942"},{"taxonomy":"post_tag","embeddable":true,"href":"https:\/\/www.samskip.is\/en\/wp-json\/wp\/v2\/tags?post=78845942"}],"curies":[{"name":"wp","href":"https:\/\/api.w.org\/{rel}","templated":true}]}}