{"id":84461788,"date":"2020-03-26T17:46:46","date_gmt":"2020-03-26T17:46:46","guid":{"rendered":"https:\/\/en.samskip.webdev.is\/?p=84461788"},"modified":"2020-03-26T17:46:46","modified_gmt":"2020-03-26T17:46:46","slug":"allar-leidir-samskipa-a-sjo-og-landi-eru-opnar","status":"publish","type":"post","link":"https:\/\/www.samskip.is\/en\/blog\/2020\/03\/26\/allar-leidir-samskipa-a-sjo-og-landi-eru-opnar\/","title":{"rendered":"Allar lei\u00f0ir Samskipa \u00e1 sj\u00f3 og landi eru opnar"},"content":{"rendered":"<p>H\u00e9r m\u00e1 sj\u00e1 vi\u00f0tal vi\u00f0 Birki H\u00f3lm Gu\u00f0nason forstj\u00f3ra Samskipa sem birtist \u00ed Vi\u00f0skiptamogganum \u00feann 25.mars 2020. <\/p>\n<h3 class=\"wp-block-heading\" id=\"efla-sam\u00adskipti-vi\u00f0-skrif\u00adstof\u00adurn\u00adar\"><strong>Efla sam\u00adskipti vi\u00f0 skrif\u00adstof\u00adurn\u00adar<\/strong><\/h3>\n<p>Birk\u00adir H\u00f3lm Gu\u00f0na\u00adson, for\u00adstj\u00f3ri Sam\u00adskipa, seg\u00adir \u00ed skrif\u00adlegu svari a\u00f0 all\u00adar flutn\u00adings\u00adlei\u00f0ir Sam\u00adskipa \u00e1 sj\u00f3 og landi s\u00e9u opn\u00adar. \u201eVi\u00f0 vilj\u00adum \u00fe\u00f3 benda vi\u00f0skipta\u00advin\u00adum okk\u00adar \u00e1 a\u00f0 b\u00f3ka t\u00edm\u00adan\u00adlega, \u00fev\u00ed taf\u00adir hafa mynd\u00adast vi\u00f0 \u00e1kve\u00f0in landa\u00adm\u00e6ri. Me\u00f0 lengri fyr\u00adir\u00advara aukast l\u00edk\u00adur \u00e1 a\u00f0 teymi\u00f0 okk\u00adar finni lei\u00f0ir sem gangi upp,\u201cseg\u00adir Birk\u00adir.<\/p>\n<p>Hann seg\u00adir a\u00f0 fyr\u00adir\u00adt\u00e6ki\u00f0 hafi eflt sam\u00adskipti s\u00edn vi\u00f0 skrif\u00adstof\u00adur s\u00edn\u00adar um all\u00adan heim \u00ed \u00feeim til\u00adgangi a\u00f0 tryggja vi\u00f0skipta\u00advin\u00adum sem allra bestu \u00fej\u00f3n\u00adustu.<\/p>\n<h3 class=\"wp-block-heading\" id=\"huga-a\u00f0-\u00f6r\u00adyggi-starfs\u00adf\u00f3lks\"><strong>Huga a\u00f0 \u00f6r\u00adyggi starfs\u00adf\u00f3lks<\/strong><\/h3>\n<p>Spur\u00f0ur a\u00f0 \u00fev\u00ed hverj\u00adar v\u00e6ru helstu \u00e1skor\u00adan\u00adirn\u00adar fyr\u00adir skipa\u00adf\u00e9\u00adlag eins og Sam\u00adskip \u00ed \u00fev\u00ed \u00e1standi sem skap\u00adast hef\u00adur, seg\u00adir Birk\u00adir a\u00f0 \u00fe\u00e6r s\u00e9u a\u00f0 huga a\u00f0 starfs\u00adf\u00f3lk\u00adinu og tryggja \u00f3rofna starf\u00adsemi. Unni\u00f0 hafi veri\u00f0 \u00ed \u00fev\u00ed a\u00f0 minnka \u00e1h\u00e6ttu \u00e1 a\u00f0 starfs\u00adf\u00f3lki\u00f0 smit\u00adist fr\u00e1 fyrstu d\u00f6g\u00adum \u00ed mars\u00adm\u00e1nu\u00f0i. Mik\u00adil \u00e1hersla hafi veri\u00f0 l\u00f6g\u00f0 \u00e1 a\u00f0 tryggja \u00f6r\u00adyggi og \u00f3rofna starf\u00adsemi \u00e1 skip\u00adum sem og v\u00f6ru\u00adh\u00fas\u00adum og hafn\u00adar\u00adsv\u00e6\u00f0um strax \u00ed byrj\u00adun. \u201eN\u00fana n\u00e1 a\u00f0ger\u00f0ir okk\u00adar til allra starfs\u00adst\u00f6\u00f0va og starfs\u00admanna okk\u00adar, en \u00fe\u00e6r eru \u00ed st\u00f6\u00f0ugri end\u00adur\u00adsko\u00f0un.\u201c<\/p>\n<p>Hann b\u00e6t\u00adir vi\u00f0 a\u00f0 Sam\u00adskip s\u00e9 h\u00e1\u00f0 \u00fej\u00f3n\u00adustu \u00ed h\u00f6fn\u00adum er\u00adlend\u00adis og \u00fear s\u00e9 alltaf s\u00e1 m\u00f6gu\u00adleiki fyr\u00adir hendi a\u00f0 starf\u00adsemi sker\u00f0ist, e\u00f0a h\u00e6g\u00adist t\u00edma\u00adbundi\u00f0 vegna COVID-smita. \u201eVi\u00f0 \u00feurf\u00adum \u00ed aukn\u00adum m\u00e6li a\u00f0 treysta \u00e1 eigi\u00f0 starfs\u00adf\u00f3lk var\u00f0andi vi\u00f0hald \u00e1 skip\u00adum og t\u00e6kj\u00adum \u00fear sem Sam\u00adskip hafa tak\u00admarka\u00f0 mj\u00f6g svo a\u00f0gengi \u00fej\u00f3n\u00adustua\u00f0ila.\u201c<\/p>\n<p>Birk\u00adir seg\u00adir a\u00f0 \u00e1 sama t\u00edma s\u00e9 veri\u00f0 a\u00f0 tak\u00adast \u00e1 vi\u00f0 \u00e1skor\u00adan\u00adir \u00ed rekstr\u00adin\u00adum, en \u00fe\u00e6r fel\u00adist \u00ed a\u00f0 reka fast-kostna\u00f0ar-fram\u00adlei\u00f0slu\u00adkerfi, \u00feegar skyndi\u00adlega ver\u00f0i um\u00adtals\u00adver\u00f0 magn\u00adminnk\u00adun, eins og l\u00edk\u00adlega s\u00e9 fram und\u00adan.<\/p>\n<p>Spur\u00f0ur hvort fragt sem ann\u00adars f\u00e6ri \u00ed flugi, leita\u00f0i til \u00feeirra, seg\u00adir Birk\u00adir ekki svo vera, enda er \u00fea\u00f0 magn sem flutt er me\u00f0 flug\u00adv\u00e9l\u00adum a\u00f0eins l\u00edti\u00f0 brot af \u00fev\u00ed sem er flutt me\u00f0 skip\u00adum. \u00dev\u00ed ver\u00f0i skipa\u00adflutn\u00ading\u00adar ekki miki\u00f0 var\u00adir vi\u00f0 magnsveifl\u00adur \u00ed flugi.<\/p>\n<h3 class=\"wp-block-heading\" id=\"f\u00e6kku\u00f0u-um-eitt-skip\"><strong>F\u00e6kku\u00f0u um eitt skip<\/strong><\/h3>\n<p>Um \u00fea\u00f0 hvort ein\u00adstaka \u00e1fangasta\u00f0ir e\u00f0a sigl\u00adinga\u00adlei\u00f0ir hef\u00f0u or\u00f0i\u00f0 fyr\u00adir meiri \u00e1hrif\u00adum en a\u00f0rar vegna \u00e1stands\u00adins, seg\u00adir Birk\u00adir a\u00f0 eins og til\u00adkynnt hafi veri\u00f0 um \u00ed s\u00ed\u00f0ustu viku, \u00fe\u00e1 hafi veri\u00f0 gripi\u00f0 til t\u00edma\u00adbund\u00adinna a\u00f0ger\u00f0a \u00ed sigl\u00adinga\u00adkerf\u00adinu til a\u00f0 breg\u00f0ast vi\u00f0 \u00f3viss\u00adunni sem fram und\u00adan er. \u201eVi\u00f0 erum a\u00f0 f\u00e6kka um eitt skip og breyta sigl\u00adinga\u00adlei\u00f0um \u00e1 \u00f6\u00f0rum skip\u00adum.\u201c<\/p>\n<p>\u00cd n\u00fdrri sigl\u00adinga\u00ad\u00e1\u00e6tl\u00adun sinna fj\u00f6g\u00adur skip v\u00f6ru\u00adflutn\u00ading\u00adum \u00e1 \u00e1fangasta\u00f0i \u00e1 lands\u00adbygg\u00f0inni og \u00ed Evr\u00ad\u00f3pu, en sigl\u00ading\u00adar sam\u00adkv\u00e6mt n\u00fdrri \u00e1\u00e6tl\u00adun hefjast 6. apr\u00edl n\u00e6st\u00adkom\u00adandi.<\/p>\n<p>Sj\u00e1 m\u00e1 greinina \u00ed heild sinni \u00e1 mbl.is <\/p>\n","protected":false},"excerpt":{"rendered":"<p>H\u00e9r m\u00e1 sj\u00e1 vi\u00f0tal vi\u00f0 Birki H\u00f3lm Gu\u00f0nason forstj\u00f3ra Samskipa sem birtist \u00ed Vi\u00f0skiptamogganum \u00feann 25.mars 2020. Efla sam\u00adskipti vi\u00f0 skrif\u00adstof\u00adurn\u00adar Birk\u00adir H\u00f3lm Gu\u00f0na\u00adson, for\u00adstj\u00f3ri Sam\u00adskipa, seg\u00adir \u00ed skrif\u00adlegu svari [&hellip;]<\/p>\n","protected":false},"author":14,"featured_media":1021140259,"comment_status":"closed","ping_status":"closed","sticky":false,"template":"","format":"standard","meta":{"_acf_changed":false,"footnotes":""},"categories":[32],"tags":[],"class_list":["post-84461788","post","type-post","status-publish","format-standard","has-post-thumbnail","hentry","category-frettir"],"acf":[],"_links":{"self":[{"href":"https:\/\/www.samskip.is\/en\/wp-json\/wp\/v2\/posts\/84461788","targetHints":{"allow":["GET"]}}],"collection":[{"href":"https:\/\/www.samskip.is\/en\/wp-json\/wp\/v2\/posts"}],"about":[{"href":"https:\/\/www.samskip.is\/en\/wp-json\/wp\/v2\/types\/post"}],"author":[{"embeddable":true,"href":"https:\/\/www.samskip.is\/en\/wp-json\/wp\/v2\/users\/14"}],"replies":[{"embeddable":true,"href":"https:\/\/www.samskip.is\/en\/wp-json\/wp\/v2\/comments?post=84461788"}],"version-history":[{"count":0,"href":"https:\/\/www.samskip.is\/en\/wp-json\/wp\/v2\/posts\/84461788\/revisions"}],"wp:featuredmedia":[{"embeddable":true,"href":"https:\/\/www.samskip.is\/en\/wp-json\/"}],"wp:attachment":[{"href":"https:\/\/www.samskip.is\/en\/wp-json\/wp\/v2\/media?parent=84461788"}],"wp:term":[{"taxonomy":"category","embeddable":true,"href":"https:\/\/www.samskip.is\/en\/wp-json\/wp\/v2\/categories?post=84461788"},{"taxonomy":"post_tag","embeddable":true,"href":"https:\/\/www.samskip.is\/en\/wp-json\/wp\/v2\/tags?post=84461788"}],"curies":[{"name":"wp","href":"https:\/\/api.w.org\/{rel}","templated":true}]}}