{"id":92474226,"date":"2019-10-16T08:37:13","date_gmt":"2019-10-16T08:37:13","guid":{"rendered":"https:\/\/en.samskip.webdev.is\/?p=92474226"},"modified":"2019-10-16T08:37:13","modified_gmt":"2019-10-16T08:37:13","slug":"brexit-fraedslufundur-fyrir-vidskiptavini-samskipa","status":"publish","type":"post","link":"https:\/\/www.samskip.is\/en\/blog\/2019\/10\/16\/brexit-fraedslufundur-fyrir-vidskiptavini-samskipa\/","title":{"rendered":"Brexit fr\u00e6\u00f0slufundur fyrir vi\u00f0skiptavini Samskipa"},"content":{"rendered":"<p>Birkir H\u00f3lm Gu\u00f0nason<br \/>\nforstj\u00f3ri Samskipa hf, J\u00f3hanna J\u00f3nsd\u00f3ttir s\u00e9rfr\u00e6\u00f0ingur (Brexit coordinator) hj\u00e1<br \/>\nutanr\u00edkisr\u00e1\u00f0uneytinu, J\u00f3n Kristinn Sverrisson l\u00f6gfr\u00e6\u00f0ingur SFS og Andr\u00e9s<br \/>\nMagn\u00fasson framkv\u00e6mdastj\u00f3ri SV\u00de kynntu fyrir okkur \u00e1hrif Brexit \u00e1 inn- og<br \/>\n\u00fatflutning til skamms og langt\u00edma.<\/p>\n<p>Fari\u00f0 var yfir lykildagsetningar en til upprifjunar \u00fe\u00e1 var 29. mars 2019 upprunalegi \u00fatg\u00f6ngudagur Bretlands \u00far ESB en \u00fatg\u00f6ngu var fresta\u00f0 \u00ed tv\u00edgang s\u00ed\u00f0ast til 31. okt\u00f3ber 2019. \u00deann 24. j\u00fal\u00ed 2019 t\u00f3k n\u00fd r\u00edkisstj\u00f3rn vi\u00f0 undir forystu Boris Johnson, \u00ed kj\u00f6lfari\u00f0 af \u00fev\u00ed l\u00f6g\u00f0u bresk stj\u00f3rnv\u00f6ld fram till\u00f6gu a\u00f0 lausn \u00e1 landam\u00e6ram\u00e1linu \u00e1 milli N-\u00cdrlands og \u00cdrlands. \u00cd \u00feessar viku g\u00e6ti fari\u00f0 draga til t\u00ed\u00f0inda en n\u00e6sta fimmtudag og f\u00f6studag \u00feann 17. \u2013 18. okt\u00f3ber ver\u00f0ur lei\u00f0togar\u00e1\u00f0sfundur ESB og laugardaginn 19. okt\u00f3ber ver\u00f0a bresk stj\u00f3rnv\u00f6ld samkv\u00e6mt l\u00f6gum a\u00f0 s\u00e6kja um frekari framlengingu \u00e1 a\u00f0ild Bretlands a\u00f0 ESB ef enginn samningur er \u00ed h\u00f6fn. <a href=\"https:\/\/www.politicshome.com\/news\/uk\/foreign-affairs\/brexit\/news\/107138\/parliament-sit-saturday-first-time-falklands-war-debate\" target=\"_blank\" rel=\"noopener\">Breska \u00feingi\u00f0 mun koma saman \u00feann dag en \u00fea\u00f0 hefur ekki funda\u00f0 \u00e1 laugardegi s\u00ed\u00f0an \u00ed str\u00ed\u00f0inu um Falklandseyjar<\/a>. \u00deann 31. okt\u00f3ber er svo n\u00fdr \u00fatg\u00f6ngudagur Bretlands \u00far ESB, sem g\u00e6ti frestast frekar. \u00deann 31. desember 2020 er fyrirhugu\u00f0u a\u00f0l\u00f6gunart\u00edmabili loki\u00f0 en \u00fea\u00f0 tekur eing\u00f6ngu gildi ef Bretland gengur \u00far ESB me\u00f0 samningi. <\/p>\n<h3 class=\"wp-block-heading\">Hva\u00f0 \u00fe\u00fd\u00f0ir \u00fatganga me\u00f0 og \u00e1n samnings?<\/h3>\n<p>J\u00f3hanna J\u00f3nsd\u00f3ttir<br \/>\ns\u00e9rfr\u00e6\u00f0ingur (Brexit coordinator) hj\u00e1 utanr\u00edkisr\u00e1\u00f0uneytinu varpa\u00f0i fram nokkrum<br \/>\nBrexit svi\u00f0smyndum fyrir h\u00f3pinn og fari\u00f0 var yfir \u00fe\u00fd\u00f0ingu \u00feeirra. Munurinn \u00e1<br \/>\n\u00fev\u00ed hvort \u00fatganga breskra stj\u00f3rnavalda \u00far ESB \u00e1n e\u00f0a me\u00f0 samnings voru<br \/>\nreifa\u00f0ar. Ef gengi\u00f0 er \u00fat me\u00f0 samningi munu EES-samningurinn og a\u00f0rir samningar<br \/>\n\u00cdslands vi\u00f0 ESB gilda \u00e1fram um Bretland til loka \u00e1rs 2020, samningur EFTA<br \/>\nr\u00edkjanna innan EES vi\u00f0 Bretland um \u00fatg\u00f6ngum\u00e1l t\u00e6ki gildi og sami\u00f0 yr\u00f0i um<br \/>\nframt\u00ed\u00f0afyrirkomulag samskipta vi\u00f0 Bretland. Ganga Bretar \u00fat \u00e1n samnings munu<br \/>\nEES \u2013 samningurinn og a\u00f0rir samningar \u00cdslands vi\u00f0 ESB h\u00e6tta a\u00f0 gilda um Bretland<br \/>\nvi\u00f0 \u00fatg\u00f6ngu, br\u00e1\u00f0abirg\u00f0asamningar \u00cdslands og Bretlands t\u00e6kju \u00fe\u00e1 gildi, teki\u00f0<br \/>\nyr\u00f0i mi\u00f0 af vi\u00f0eigandi a\u00f0ger\u00f0um Bretlands og ESB og sami\u00f0 yr\u00f0i um framt\u00ed\u00f0arfyrirkomulag<br \/>\nsamskipta vi\u00f0 Bretland. <\/p>\n<p>Vi\u00f0b\u00fana\u00f0ur sem veri\u00f0 er<br \/>\na\u00f0 vinna \u00ed vegna \u00fatg\u00f6ngu \u00e1n samnings eru einna helst samningar til a\u00f0 tryggja<br \/>\nkjarnahagsmuni, eins og \u00e1framhaldandi r\u00e9ttindi borgara til b\u00fasetu,<br \/>\nv\u00f6ruvi\u00f0skipti \u00e1 s\u00f6mu tollkj\u00f6rum og flugsamg\u00f6ngur. Vi\u00f0b\u00fana\u00f0ara\u00f0ger\u00f0ir ESB til a\u00f0<br \/>\nminnka tj\u00f3n \u00e1 innri marka\u00f0num hafa veri\u00f0 teknar upp \u00ed EES-samninginn. \u00de\u00e1 er \u00ed<br \/>\nvinnslu a\u00f0 lj\u00faka samkomulagi um br\u00e1\u00f0abirg\u00f0afyrirkomulag til a\u00f0 tryggja<br \/>\nsveigjanlega f\u00f3lksflutninga \u00e1 milli r\u00edkjanna. <\/p>\n<h3 class=\"wp-block-heading\">Bretland er einn st\u00e6rsti \u00fatflutningsmarka\u00f0ur \u00cdslands fyrir sj\u00e1varafur\u00f0ir<\/h3>\n<p>J\u00f3n Kristinn Sverrisson<br \/>\nl\u00f6gfr\u00e6\u00f0ingur SFS f\u00f3r yfir \u00e1hrif Brexit \u00e1 sj\u00e1var\u00fatveginn en 15% af 240 milljar\u00f0a<br \/>\n\u00fatflutningsver\u00f0m\u00e6tum \u00edslenskra sj\u00e1varafur\u00f0a \u00e1ri\u00f0 2018 hafi veri\u00f0 flutt til<br \/>\nBretlands. Um er a\u00f0 r\u00e6\u00f0a okkar st\u00e6rsta einstaka \u00fatflutningsmarka\u00f0. Ver\u00f0i hart Brexit<br \/>\nmun taka gildi br\u00e1\u00f0abirg\u00f0asamningur sem mi\u00f0i a\u00f0 \u00fev\u00ed a\u00f0 tryggja \u00f3breytt tollkj\u00f6r.<br \/>\nBretar hafa einnig gefi\u00f0 \u00fat almenna tollskr\u00e1 til br\u00e1\u00f0abirg\u00f0a sem mun gilda ef<br \/>\na\u00f0 Bretland gengur \u00fat \u00e1n samnings. \u00cd \u00feeim tilvikum sem tollskr\u00e1in veitir betri<br \/>\nkj\u00f6r en br\u00e1\u00f0abirg\u00f0asamningurinn munu \u00feau gilda fyrir \u00edslenska \u00fatflytjendur. \u00de\u00e1<br \/>\ner lj\u00f3st a\u00f0 ekki ver\u00f0ur krafist frekari heilbrig\u00f0isvottana var\u00f0andi \u00fatflutning<br \/>\n\u00e1 \u00edslenskum sj\u00e1varafur\u00f0um en \u00e1\u00f0ur og mun \u00fea\u00f0 gilda fyrst um sinn. \u00d3v\u00edst er<br \/>\nhversu lengi \u00fea\u00f0 \u00e1stand mun vara og mikilv\u00e6gt ver\u00f0ur a\u00f0 tryggja a\u00f0 kr\u00f6fur um<br \/>\nheilbrig\u00f0isvottor\u00f0 haldist \u00e1fram \u00f3breyttar. R\u00e6tt var um svokalla\u00f0an transit<br \/>\nfisk, en \u00fea\u00f0 er fiskur sem siglt er me\u00f0 til Bretlands og keyr\u00f0ur til megilands<br \/>\nEvr\u00f3pu, m.a. \u00e1 mikilv\u00e6gan marka\u00f0 \u00ed Frakklandi. Flutningsa\u00f0ilar hafa breytt og<br \/>\na\u00f0laga\u00f0 s\u00edn lei\u00f0akerfi og vi\u00f0 Brexit mun \u00feessi flutningslei\u00f0 beinast fyrst og<br \/>\nfremst til til Rotterdam hva\u00f0 sj\u00f3flutninga var\u00f0ar en til Par\u00edsar og Amsterdam \u00ed<br \/>\nflugfrakt. A\u00f0 lokum sag\u00f0i J\u00f3n Kristinn Sverrisson a\u00f0 samt\u00f6kin hafi fylgst mj\u00f6g<br \/>\nvel me\u00f0 og veri\u00f0 \u00ed g\u00f3\u00f0u sambandi vi\u00f0 b\u00e6\u00f0i stj\u00f3rnv\u00f6ld og s\u00edna f\u00e9lagsmenn og<br \/>\n\u00e1n\u00e6gjulegt a\u00f0 sj\u00e1 hversu vel undirb\u00fanir allir eru.<\/p>\n<h3 class=\"wp-block-heading\">Heildsalar hafa veri\u00f0 a\u00f0 birgja sig upp af v\u00f6rum fr\u00e1 Bretlandi<\/h3>\n<p>Andr\u00e9s Magn\u00fasson<br \/>\nframkv\u00e6mdastj\u00f3ri SV\u00de f\u00f3r yfir \u00fea\u00f0 hvernig v\u00e6ri h\u00e6gt a\u00f0 b\u00faa um hn\u00fatana me\u00f0 hagn\u00fdtum<br \/>\nlei\u00f0um \u00feannig a\u00f0 \u00feetta myndi ganga eins vel fyrir sig og h\u00e6gt v\u00e6ri. Hann r\u00e6ddi<br \/>\num a\u00f0 st\u00e6rstu heildsalar h\u00e9rlendis hafa veri\u00f0 a\u00f0 birgja sig vel upp og eiga sumir<br \/>\nhverjir n\u00e6gar birg\u00f0ir fram yfir \u00e1ram\u00f3t. Hann r\u00e6ddi einnig um a\u00f0 birgjar \u00ed<br \/>\nBretlandi v\u00e6ru a\u00f0 senda \u00feau skilabo\u00f0 til sinna vi\u00f0skiptavina a\u00f0 b\u00faa sig vel<br \/>\nundir \u00feessar breytingar \u00fev\u00ed b\u00faast megi vi\u00f0 a\u00f0 \u00fea\u00f0 ver\u00f0i algert \u00f6ng\u00feveiti efir<br \/>\nBrexit.<\/p>\n<p>Andr\u00e9s kom \u00fev\u00ed einnig \u00e1 framf\u00e6ri a\u00f0 stj\u00f3rnv\u00f6ld<br \/>\nv\u00e6ru algj\u00f6rlega til fyrirmyndar og benti \u00fe\u00e1 s\u00e9rstaklega \u00e1 uppl\u00fdsingas\u00ed\u00f0ur sem<br \/>\nhafa veri\u00f0 settar upp, \u00fea\u00f0 m\u00e1 n\u00e1lgast linka h\u00e9r a\u00f0 ne\u00f0an \u00e1 \u00fe\u00e6r s\u00ed\u00f0ur. <\/p>\n<h3 class=\"wp-block-heading\">H\u00e9r a\u00f0 ne\u00f0an eru<br \/>\ngagnlegar sl\u00f3\u00f0ir var\u00f0andi BREXIT : <\/h3>\n<div class=\"linkblocks\">\n<a class=\"linkblock\" href=\"https:\/\/ec.europa.eu\/info\/brexit\/brexit-preparedness_en\" target=\"_blank\" rel=\"noopener\"><br \/>\n<span class=\"linkblock__icon linkblock__icon--containers\"><\/span><\/p>\n<div class=\"linkblock__text\">\n<strong class=\"linkblock__title\">Brexit preparedness<\/strong><\/p>\n<div class=\"linkblock__desc\"><\/div>\n<\/div>\n<p><\/a><br \/>\n<a class=\"linkblock\" href=\"https:\/\/www.gov.uk\/government\/collections\/how-to-prepare-if-the-uk-leaves-the-eu-with-no-deal\" target=\"_blank\" rel=\"noopener\"><br \/>\n<span class=\"linkblock__icon linkblock__icon--containers\"><\/span><\/p>\n<div class=\"linkblock__text\">\n<strong class=\"linkblock__title\">How to prepare if the UK leaves the EU with no deal<\/strong><\/p>\n<div class=\"linkblock__desc\"><\/div>\n<\/div>\n<p><\/a><br \/>\n<a class=\"linkblock\" href=\"https:\/\/www.stjornarradid.is\/verkefni\/utanrikismal\/brexit\/\" target=\"_blank\" rel=\"noopener\"><br \/>\n<span class=\"linkblock__icon linkblock__icon--containers\"><\/span><\/p>\n<div class=\"linkblock__text\">\n<strong class=\"linkblock__title\">Brexit \u00e1 vef utanr\u00edkisr\u00e1\u00f0uneytisins<\/strong><\/p>\n<div class=\"linkblock__desc\"><\/div>\n<\/div>\n<p><\/a><br \/>\n<a class=\"linkblock\" href=\"https:\/\/ec.europa.eu\/info\/sites\/info\/files\/qa_brexit_industrial_products_en.pdf\" target=\"_blank\" rel=\"noopener\"><br \/>\n<span class=\"linkblock__icon linkblock__icon--containers\"><\/span><\/p>\n<div class=\"linkblock__text\">\n<strong class=\"linkblock__title\">QUESTIONS AND ANSWERS RELATED TO THE UNITED KINGDOM&#8217;S WITHDRAWAL FROM THE EUROPEAN UNION WITH REGARD TO INDUSTRIAL PRODUCTS<\/strong><\/p>\n<div class=\"linkblock__desc\"><\/div>\n<\/div>\n<p><\/a>\n<\/div>\n<figure class=\"wp-block-image\"><img decoding=\"async\" alt=\"\" class=\"wp-image-2076\" height=\"0\" src=\"https:\/\/www.samskip.is\/wp-content\/uploads\/sites\/9\/2019\/10\/brexit_gestir-768x1024.jpg\" width=\"0\" \/><\/figure>\n","protected":false},"excerpt":{"rendered":"<p>Birkir H\u00f3lm Gu\u00f0nason forstj\u00f3ri Samskipa hf, J\u00f3hanna J\u00f3nsd\u00f3ttir s\u00e9rfr\u00e6\u00f0ingur (Brexit coordinator) hj\u00e1 utanr\u00edkisr\u00e1\u00f0uneytinu, J\u00f3n Kristinn Sverrisson l\u00f6gfr\u00e6\u00f0ingur SFS og Andr\u00e9s Magn\u00fasson framkv\u00e6mdastj\u00f3ri SV\u00de kynntu fyrir okkur \u00e1hrif Brexit \u00e1 inn- [&hellip;]<\/p>\n","protected":false},"author":14,"featured_media":1044877311,"comment_status":"closed","ping_status":"closed","sticky":false,"template":"","format":"standard","meta":{"_acf_changed":false,"footnotes":""},"categories":[32],"tags":[],"class_list":["post-92474226","post","type-post","status-publish","format-standard","has-post-thumbnail","hentry","category-frettir"],"acf":[],"_links":{"self":[{"href":"https:\/\/www.samskip.is\/en\/wp-json\/wp\/v2\/posts\/92474226","targetHints":{"allow":["GET"]}}],"collection":[{"href":"https:\/\/www.samskip.is\/en\/wp-json\/wp\/v2\/posts"}],"about":[{"href":"https:\/\/www.samskip.is\/en\/wp-json\/wp\/v2\/types\/post"}],"author":[{"embeddable":true,"href":"https:\/\/www.samskip.is\/en\/wp-json\/wp\/v2\/users\/14"}],"replies":[{"embeddable":true,"href":"https:\/\/www.samskip.is\/en\/wp-json\/wp\/v2\/comments?post=92474226"}],"version-history":[{"count":0,"href":"https:\/\/www.samskip.is\/en\/wp-json\/wp\/v2\/posts\/92474226\/revisions"}],"wp:featuredmedia":[{"embeddable":true,"href":"https:\/\/www.samskip.is\/en\/wp-json\/"}],"wp:attachment":[{"href":"https:\/\/www.samskip.is\/en\/wp-json\/wp\/v2\/media?parent=92474226"}],"wp:term":[{"taxonomy":"category","embeddable":true,"href":"https:\/\/www.samskip.is\/en\/wp-json\/wp\/v2\/categories?post=92474226"},{"taxonomy":"post_tag","embeddable":true,"href":"https:\/\/www.samskip.is\/en\/wp-json\/wp\/v2\/tags?post=92474226"}],"curies":[{"name":"wp","href":"https:\/\/api.w.org\/{rel}","templated":true}]}}