{"id":97411644,"date":"2019-08-09T00:00:00","date_gmt":"2019-08-09T00:00:00","guid":{"rendered":"https:\/\/en.samskip.webdev.is\/?p=97411644"},"modified":"2019-08-09T00:00:00","modified_gmt":"2019-08-09T00:00:00","slug":"nitjandi-fiskidagurinn-a-naesta-leiti","status":"publish","type":"post","link":"https:\/\/www.samskip.is\/en\/blog\/2019\/08\/09\/nitjandi-fiskidagurinn-a-naesta-leiti\/","title":{"rendered":"N\u00edtj\u00e1ndi Fiskidagurinn \u00e1 n\u00e6sta leiti"},"content":{"rendered":"<p>Fiskidagurinn mikli fer\u00a0\u00e1vallt\u00a0fram \u00e1 Dalv\u00edk helgina eftir verslunarmannahelgi \u00e1r hvert og koma \u00fe\u00e1 til b\u00e6jarins gestir hva\u00f0an\u00e6va a\u00f0 til a\u00f0 samgle\u00f0jast heimaf\u00f3lki. \u00cd st\u00f3rum dr\u00e1ttum er dagskr\u00e1in me\u00f0 hef\u00f0bundnu sni\u00f0i, fiskis\u00fapukv\u00f6ld \u00e1 f\u00f6studeginum og \u00e1 laugardegi fer fram skemmtidagskr\u00e1 sem endar me\u00f0 st\u00f3rt\u00f3nleikum og flugeldas\u00fdningu\u00a0um kv\u00f6ldi\u00f0.<\/p>\n<p>Grunnhugmyndin a\u00f0 Fiskideginum mikla sn\u00fdst um a\u00f0 Dalv\u00edkingar bj\u00f3\u00f0a \u00f6\u00f0rum landsm\u00f6nnum \u00ed mat me\u00f0 \u00feannig fyrirkomulagi a\u00f0 enginn \u00feurfi a\u00f0 taka upp veski\u00f0,\u00a0en aldrei hefur veri\u00f0 rukka\u00f0 fyrir a\u00f0gang a\u00f0 h\u00e1t\u00ed\u00f0inni, hvorki mat n\u00e9 skemmtiatri\u00f0um.<\/p>\n<p>A\u00f0koma\u00a0Samskipa a\u00f0 h\u00e1t\u00ed\u00f0inni hefur veri\u00f0 allnokkur fr\u00e1 upphafi, en f\u00e9lagi\u00f0 flytur og h\u00fdsir\u00a0obbann af matv\u00e6lum og frystiv\u00f6ru\u00a0fyrir h\u00e1t\u00ed\u00f0ina, auk svi\u00f0sb\u00fana\u00f0ar og t\u00e6kja sem notu\u00f0 eru \u00e1 sv\u00e6\u00f0inu.\u00a0Eins leggur fyrirt\u00e6ki\u00f0 li\u00f0 vi\u00f0 undirb\u00faning \u00e1\u00a0h\u00e1t\u00ed\u00f0arsv\u00e6\u00f0inu\u00a0og \u00e1 me\u00f0an \u00e1 h\u00e1t\u00ed\u00f0inni stendur, svo sem vi\u00f0 uppsetningu \u00e1 skj\u00f3lvegg \u00far g\u00e1mum vi\u00f0 Hafnarvogina \u00fear sem st\u00f3ra \u00fatigrilli\u00f0 er og\u00a0me\u00f0 \u00fev\u00ed a\u00f0\u00a0geyma vi\u00f0 fiskas\u00fdninguna, sem \u00fearf a\u00f0 vera frosin fram a\u00f0 s\u00fdningu. Eins hafa Samskip a\u00f0sto\u00f0a\u00f0 vi\u00f0\u00a0a\u00f0 afmarka g\u00f6tur og h\u00e1t\u00ed\u00f0arsv\u00e6\u00f0i me\u00f0 t\u00e6kjum, b\u00edlum\u00a0og\u00a0flutningav\u00f6gnum, auk \u00feess a\u00f0 a\u00f0sto\u00f0a vi\u00f0 uppsetningu \u00e1 sm\u00e6rra svi\u00f0nu sem nota\u00f0 er \u00e1 sj\u00e1lfan h\u00e1t\u00ed\u00f0ardaginn.\u00a0<\/p>\n","protected":false},"excerpt":{"rendered":"<p>Fiskidagurinn mikli fer\u00a0\u00e1vallt\u00a0fram \u00e1 Dalv\u00edk helgina eftir verslunarmannahelgi \u00e1r hvert og koma \u00fe\u00e1 til b\u00e6jarins gestir hva\u00f0an\u00e6va a\u00f0 til a\u00f0 samgle\u00f0jast heimaf\u00f3lki. \u00cd st\u00f3rum dr\u00e1ttum er dagskr\u00e1in me\u00f0 hef\u00f0bundnu sni\u00f0i, [&hellip;]<\/p>\n","protected":false},"author":14,"featured_media":1056005390,"comment_status":"closed","ping_status":"closed","sticky":false,"template":"","format":"standard","meta":{"_acf_changed":false,"footnotes":""},"categories":[32],"tags":[],"class_list":["post-97411644","post","type-post","status-publish","format-standard","has-post-thumbnail","hentry","category-frettir"],"acf":[],"_links":{"self":[{"href":"https:\/\/www.samskip.is\/en\/wp-json\/wp\/v2\/posts\/97411644","targetHints":{"allow":["GET"]}}],"collection":[{"href":"https:\/\/www.samskip.is\/en\/wp-json\/wp\/v2\/posts"}],"about":[{"href":"https:\/\/www.samskip.is\/en\/wp-json\/wp\/v2\/types\/post"}],"author":[{"embeddable":true,"href":"https:\/\/www.samskip.is\/en\/wp-json\/wp\/v2\/users\/14"}],"replies":[{"embeddable":true,"href":"https:\/\/www.samskip.is\/en\/wp-json\/wp\/v2\/comments?post=97411644"}],"version-history":[{"count":0,"href":"https:\/\/www.samskip.is\/en\/wp-json\/wp\/v2\/posts\/97411644\/revisions"}],"wp:featuredmedia":[{"embeddable":true,"href":"https:\/\/www.samskip.is\/en\/wp-json\/"}],"wp:attachment":[{"href":"https:\/\/www.samskip.is\/en\/wp-json\/wp\/v2\/media?parent=97411644"}],"wp:term":[{"taxonomy":"category","embeddable":true,"href":"https:\/\/www.samskip.is\/en\/wp-json\/wp\/v2\/categories?post=97411644"},{"taxonomy":"post_tag","embeddable":true,"href":"https:\/\/www.samskip.is\/en\/wp-json\/wp\/v2\/tags?post=97411644"}],"curies":[{"name":"wp","href":"https:\/\/api.w.org\/{rel}","templated":true}]}}